{"id":5458,"date":"2014-07-09T09:05:12","date_gmt":"2014-07-09T12:05:12","guid":{"rendered":"http:\/\/www.maisbn.com\/portal\/?p=5458"},"modified":"2014-07-09T09:15:09","modified_gmt":"2014-07-09T12:15:09","slug":"festa-de-nossa-senhora-do-carmo-tem-abertura-com-grande-carreata","status":"publish","type":"post","link":"https:\/\/www.maisbn.com\/portal\/2014\/07\/festa-de-nossa-senhora-do-carmo-tem-abertura-com-grande-carreata\/","title":{"rendered":"Festa de Nossa Senhora do Carmo tem abertura com grande carreata."},"content":{"rendered":"<div id=\"attachment_5459\" style=\"width: 543px\" class=\"wp-caption aligncenter\"><a href=\"http:\/\/www.maisbn.com\/portal\/wp-content\/uploads\/2014\/07\/novenafestadocarmo01.jpg\"><img loading=\"lazy\" decoding=\"async\" aria-describedby=\"caption-attachment-5459\" class=\"wp-image-5459 size-full\" src=\"http:\/\/www.maisbn.com\/portal\/wp-content\/uploads\/2014\/07\/novenafestadocarmo01.jpg\" alt=\"novenafestadocarmo01\" width=\"533\" height=\"352\" srcset=\"https:\/\/www.maisbn.com\/portal\/wp-content\/uploads\/2014\/07\/novenafestadocarmo01.jpg 533w, https:\/\/www.maisbn.com\/portal\/wp-content\/uploads\/2014\/07\/novenafestadocarmo01-529x350.jpg 529w\" sizes=\"auto, (max-width: 533px) 100vw, 533px\" \/><\/a><p id=\"caption-attachment-5459\" class=\"wp-caption-text\">Foto: Jornal de Belmonte<\/p><\/div>\n<p>Com muita f\u00e9 e participa\u00e7\u00e3o, os cat\u00f3licos de Belmonte, na regi\u00e3o sul da Bahia, iniciaram o noven\u00e1rio em louvor \u00e0 padroeira do munic\u00edpio, Nossa Senhora do Carmo nesta segunda-feira (07\/07). A festa religiosa \u00e9 uma das mais antigas da regi\u00e3o, a programa\u00e7\u00e3o inclui celebra\u00e7\u00e3o de missas e prociss\u00e3o no \u00faltimo dia 16 dedicado a Padroeira.<\/p>\n<p><a href=\"http:\/\/www.maisbn.com\/portal\/wp-content\/uploads\/2014\/07\/carreatadensdocarmo_00063.jpg\"><img loading=\"lazy\" decoding=\"async\" class=\"aligncenter size-full wp-image-5460\" src=\"http:\/\/www.maisbn.com\/portal\/wp-content\/uploads\/2014\/07\/carreatadensdocarmo_00063.jpg\" alt=\"carreatadensdocarmo_00063\" width=\"650\" height=\"412\" srcset=\"https:\/\/www.maisbn.com\/portal\/wp-content\/uploads\/2014\/07\/carreatadensdocarmo_00063.jpg 650w, https:\/\/www.maisbn.com\/portal\/wp-content\/uploads\/2014\/07\/carreatadensdocarmo_00063-552x350.jpg 552w\" sizes=\"auto, (max-width: 650px) 100vw, 650px\" \/><\/a><\/p>\n<p>O inicio dos festejos religiosos come\u00e7ou logo \u00e0s 05:00Hrs da manh\u00e3 onde aconteceu uma grande carreata pelas ruas da cidade com a presen\u00e7a da imagem de Nossa Senhora do Carmo. Uma grande multid\u00e3o de fi\u00e9is acompanhou os cortejos e muitas pessoas abriram as janelas e portas das suas casas para saldar a padroeira do munic\u00edpio.<\/p>\n<div id=\"attachment_5461\" style=\"width: 541px\" class=\"wp-caption aligncenter\"><a href=\"http:\/\/www.maisbn.com\/portal\/wp-content\/uploads\/2014\/07\/novenafestadocarmo02.jpg\"><img loading=\"lazy\" decoding=\"async\" aria-describedby=\"caption-attachment-5461\" class=\"wp-image-5461 size-full\" src=\"http:\/\/www.maisbn.com\/portal\/wp-content\/uploads\/2014\/07\/novenafestadocarmo02.jpg\" alt=\"novenafestadocarmo02\" width=\"531\" height=\"377\" srcset=\"https:\/\/www.maisbn.com\/portal\/wp-content\/uploads\/2014\/07\/novenafestadocarmo02.jpg 531w, https:\/\/www.maisbn.com\/portal\/wp-content\/uploads\/2014\/07\/novenafestadocarmo02-492x350.jpg 492w\" sizes=\"auto, (max-width: 531px) 100vw, 531px\" \/><\/a><p id=\"caption-attachment-5461\" class=\"wp-caption-text\">Foto: Jornal de Belmonte<\/p><\/div>\n<p>\u00c0 noite, na Igreja Matriz da cidade, aconteceu a primeira celebra\u00e7\u00e3o religiosa da novena e o noiteiro homenageado foi a C\u00e2mara de Vereadores. &#8220;A festa mant\u00e9m a tradi\u00e7\u00e3o e atrai filhos do Munic\u00edpio que moram em outros Estados, al\u00e9m dos devotos da regi\u00e3o. \u00c9 um per\u00edodo de reencontro e de renova\u00e7\u00e3o da f\u00e9.&#8221; &#8211; Comentou o Vereador Alvino Matos, Presidente da C\u00e2mara de Vereadores de Belmonte. A celebra\u00e7\u00e3o ainda contou com a presen\u00e7a da Prefeita Alice Maria Britto, juntamente com sua fam\u00edlia e comitiva. &#8220;\u00c9 sempre uma emo\u00e7\u00e3o assistir as novenas de Nossa Senhora do Carmo. \u00c9 uma das tradi\u00e7\u00f5es mais antigas da Costa do Descobrimento e s\u00f3 assistindo e participando para poder avaliar esse grande momento.&#8221; &#8211; Comentou a Prefeita Alice Maria Britto.<\/p>\n<p><a href=\"http:\/\/www.maisbn.com\/portal\/wp-content\/uploads\/2014\/07\/carreatadensdocarmo_00017.jpg\"><img loading=\"lazy\" decoding=\"async\" class=\"aligncenter size-full wp-image-5462\" src=\"http:\/\/www.maisbn.com\/portal\/wp-content\/uploads\/2014\/07\/carreatadensdocarmo_00017.jpg\" alt=\"carreatadensdocarmo_00017\" width=\"650\" height=\"412\" srcset=\"https:\/\/www.maisbn.com\/portal\/wp-content\/uploads\/2014\/07\/carreatadensdocarmo_00017.jpg 650w, https:\/\/www.maisbn.com\/portal\/wp-content\/uploads\/2014\/07\/carreatadensdocarmo_00017-552x350.jpg 552w\" sizes=\"auto, (max-width: 650px) 100vw, 650px\" \/><\/a><\/p>\n<p>A devo\u00e7\u00e3o a Nossa Senhora do Carmo foi introduzida com a funda\u00e7\u00e3o da par\u00f3quia. \u201c\u00c9 uma festa religiosa que mant\u00e9m caracter\u00edsticas originais\u201d, disse a Prefeita Alice Maria Britto que\u00a0 marcou presen\u00e7a a novena, acompanhado pelo filho. \u201c\u00c9 uma tradi\u00e7\u00e3o renovada a cada ano, gra\u00e7as \u00e0 f\u00e9 e devo\u00e7\u00e3o dos fieis\u201d.Segue abaixo fotos da grande carreata que lotou as ruas da cidade de fi\u00e9is.<\/p>\n<p>&nbsp;<\/p>\n<p>&nbsp;<\/p>\n","protected":false},"excerpt":{"rendered":"<p>Com muita f\u00e9 e participa\u00e7\u00e3o, os cat\u00f3licos de Belmonte, na regi\u00e3o sul da Bahia, iniciaram o noven\u00e1rio em louvor \u00e0 padroeira do munic\u00edpio, Nossa Senhora do Carmo nesta segunda-feira (07\/07). A festa religiosa \u00e9 uma das mais antigas da regi\u00e3o, a programa\u00e7\u00e3o inclui celebra\u00e7\u00e3o de missas e prociss\u00e3o no \u00faltimo dia 16 dedicado a Padroeira. [&hellip;]<\/p>\n","protected":false},"author":7,"featured_media":0,"comment_status":"closed","ping_status":"open","sticky":false,"template":"","format":"standard","meta":{"footnotes":""},"categories":[1,98],"tags":[108,101],"class_list":["post-5458","post","type-post","status-publish","format-standard","hentry","category-noticias","category-religiao","tag-belmonte","tag-belmonte-bahia-2"],"_links":{"self":[{"href":"https:\/\/www.maisbn.com\/portal\/wp-json\/wp\/v2\/posts\/5458","targetHints":{"allow":["GET"]}}],"collection":[{"href":"https:\/\/www.maisbn.com\/portal\/wp-json\/wp\/v2\/posts"}],"about":[{"href":"https:\/\/www.maisbn.com\/portal\/wp-json\/wp\/v2\/types\/post"}],"author":[{"embeddable":true,"href":"https:\/\/www.maisbn.com\/portal\/wp-json\/wp\/v2\/users\/7"}],"replies":[{"embeddable":true,"href":"https:\/\/www.maisbn.com\/portal\/wp-json\/wp\/v2\/comments?post=5458"}],"version-history":[{"count":0,"href":"https:\/\/www.maisbn.com\/portal\/wp-json\/wp\/v2\/posts\/5458\/revisions"}],"wp:attachment":[{"href":"https:\/\/www.maisbn.com\/portal\/wp-json\/wp\/v2\/media?parent=5458"}],"wp:term":[{"taxonomy":"category","embeddable":true,"href":"https:\/\/www.maisbn.com\/portal\/wp-json\/wp\/v2\/categories?post=5458"},{"taxonomy":"post_tag","embeddable":true,"href":"https:\/\/www.maisbn.com\/portal\/wp-json\/wp\/v2\/tags?post=5458"}],"curies":[{"name":"wp","href":"https:\/\/api.w.org\/{rel}","templated":true}]}}