{"id":5444,"date":"2014-07-07T20:51:31","date_gmt":"2014-07-07T23:51:31","guid":{"rendered":"http:\/\/www.maisbn.com\/portal\/?p=5444"},"modified":"2014-07-07T20:51:31","modified_gmt":"2014-07-07T23:51:31","slug":"pcdob-de-belmonte-vai-apoiar-davidson-magalhaes-para-federal","status":"publish","type":"post","link":"https:\/\/www.maisbn.com\/portal\/2014\/07\/pcdob-de-belmonte-vai-apoiar-davidson-magalhaes-para-federal\/","title":{"rendered":"PCdoB DE BELMONTE VAI APOIAR DAVIDSON MAGALH\u00c3ES PARA FEDERAL."},"content":{"rendered":"<p><img loading=\"lazy\" decoding=\"async\" class=\"aligncenter size-full wp-image-5445\" src=\"http:\/\/www.maisbn.com\/portal\/wp-content\/uploads\/2014\/07\/pcdob.jpg\" alt=\"pcdob\" width=\"600\" height=\"352\" srcset=\"https:\/\/www.maisbn.com\/portal\/wp-content\/uploads\/2014\/07\/pcdob.jpg 600w, https:\/\/www.maisbn.com\/portal\/wp-content\/uploads\/2014\/07\/pcdob-596x350.jpg 596w\" sizes=\"auto, (max-width: 600px) 100vw, 600px\" \/><\/p>\n<p>Em visita a Belmonte, neste domingo pela manh\u00e3, Davidson se reuniu com os l\u00edderes locais do seu partido, a exemplo de Rodrigo que articulou sua vinda ao munic\u00edpio, dentre outros, para tratar de detalhes da campanha que ser\u00e1 desenvolvida em Belmonte.<\/p>\n<p>Em decorr\u00eancia de uma redistribui\u00e7\u00e3o de \u00e1rea estabelecida pela dire\u00e7\u00e3o estadual do PCdoB, o grupo de Belmonte do PCdoB, marchar\u00e3o na pr\u00f3xima elei\u00e7\u00e3o com o ex-presidente da Bahia g\u00e1s, Davidson Magalh\u00e3es, que disputar\u00e1 uma vaga na C\u00e2mara Federal.<\/p>\n<p style=\"text-align: justify;\"><strong>Um pouco da vida de Davidson Magalh\u00e3es<\/strong> |\u00a0<img loading=\"lazy\" decoding=\"async\" class=\"alignright size-full wp-image-97489\" src=\"http:\/\/www.pimenta.blog.br\/wp-content\/uploads\/Davidson-Magalh%C3%A3es1.jpg\" alt=\"Davidson Magalh\u00e3es1\" width=\"153\" height=\"194\" \/><\/p>\n<blockquote><p>\u00c9 preciso trabalhar ainda mais para adequar-se a essa nova potencialidade de desenvolvimento que se conjectura, sob pena de perdermos a passagem do trem da hist\u00f3ria.<\/p><\/blockquote>\n<p style=\"text-align: justify;\">H\u00e1 sete anos, quando assumi a presid\u00eancia da Bahiag\u00e1s, passamos a investir pesado na constru\u00e7\u00e3o de gasodutos para levar o g\u00e1s natural aos munic\u00edpios das regi\u00f5es sul e extremo sul.<\/p>\n<p style=\"text-align: justify;\">Com a chegada do g\u00e1s natural e da rede de distribui\u00e7\u00e3o da Bahiag\u00e1s, os munic\u00edpios passaram a dispor de uma fonte de energia mais limpa e de menores custos, que favorece a implanta\u00e7\u00e3o de ind\u00fastrias, estimula o com\u00e9rcio, beneficia a constru\u00e7\u00e3o civil e a economia familiar. Este panorama descortina novos horizontes de patamares econ\u00f4micos e concretas perspectivas de melhoria da qualidade de vida para todos os habitantes.<\/p>\n<p style=\"text-align: justify;\">A Bahiag\u00e1s expandiu-se na regi\u00e3o porque sab\u00edamos que estrategicamente era preciso criar condi\u00e7\u00f5es para atender \u00e0 nova demanda do desenvolvimento regional, focada no sul da Bahia, onde se realiza um dos mais importantes eixos de obras estruturantes do governo Jaques Wagner que, em parceria com o governo federal, encarou o desafio.<\/p>\n<p style=\"text-align: justify;\">O complexo log\u00edstico produtivo do sul da Bahia \u00e9 uma infraestrutura fundamental e gigantesca para recolocar o progresso nos trilhos, a partir da Fiol (Ferrovia de Integra\u00e7\u00e3o Oeste-Leste), Porto Sul da Bahia, Aeroporto Internacional de Ilh\u00e9us (o governo do estado j\u00e1 recebeu a autoriza\u00e7\u00e3o para a constru\u00e7\u00e3o) e a Zona de Processamento de Exporta\u00e7\u00e3o (ZPE), al\u00e9m da duplica\u00e7\u00e3o da BR-415, no trecho Ilh\u00e9us-Itabuna.<\/p>\n<p style=\"text-align: justify;\">A Ferrovia Oeste-Leste, entre Ilh\u00e9us e Figueir\u00f3polis (Tocantins), com 1527 km de extens\u00e3o, cria uma nova vertente de desenvolvimento ao integrar a economia do sul da Bahia ao oeste, zona de maior produ\u00e7\u00e3o do estado, e a \u00e1rea de minera\u00e7\u00e3o de Caetit\u00e9. Al\u00e9m de escoar a produ\u00e7\u00e3o da Bahia, a Oeste-Leste servir\u00e1 de elo para a interliga\u00e7\u00e3o a outros polos do pa\u00eds, atrav\u00e9s da conex\u00e3o que ter\u00e1 com a Ferrovia Norte-Sul, em Figueir\u00f3polis (TO), transformando o novo porto em Ilh\u00e9us no grande escoadouro destas produ\u00e7\u00f5es.<\/p>\n<p style=\"text-align: justify;\">\n<p style=\"text-align: justify;\">A din\u00e2mica deste complexo log\u00edstico tem como desdobramentos estrat\u00e9gicos a agrega\u00e7\u00e3o de valor para cadeias produtivas do Semi\u00e1rido, Oeste e Brasil Central, a sinergia com o turismo e a cadeia do cacau. Ser\u00e3o criadas condi\u00e7\u00f5es para adensar cadeias produtivas nos segmentos t\u00eaxtil, de alimenta\u00e7\u00e3o, mineral, entre outros. Sem esquecermos o crescimento que advir\u00e1 para a extensa cadeia de presta\u00e7\u00e3o de servi\u00e7os.<\/p>\n<p style=\"text-align: justify;\">Somos tamb\u00e9m a regi\u00e3o de uma institui\u00e7\u00e3o do porte da Ceplac, com um complexo educacional de n\u00edvel superior da qualidade da Uesc, agora acrescido com uma recente conquista de todos nos: a instala\u00e7\u00e3o da Universidade Federal do Sul da Bahia (UFSB), oferecendo at\u00e9 o ano de 2020 cerca de 18 mil vagas, novas escolas t\u00e9cnicas federais e o Pronatec.<\/p>\n<p style=\"text-align: justify;\">Este conjunto de cen\u00e1rios sociais dar\u00e1 \u00e0 economia regional uma din\u00e2mica excepcional para a atra\u00e7\u00e3o de novos investimentos e gera\u00e7\u00e3o de emprego e renda. Haver\u00e1 substancial aumento dos recursos municipais, criando as condi\u00e7\u00f5es para um novo ciclo de acumula\u00e7\u00e3o de capital, agora integrado por diversos segmentos econ\u00f4micos e de perfil diferencial do capital agr\u00e1rio e mercantil do tempo do cacau.<\/p>\n<p style=\"text-align: justify;\"><em><strong>Por: Djalma Pontes<\/strong><\/em><\/p>\n","protected":false},"excerpt":{"rendered":"<p>Em visita a Belmonte, neste domingo pela manh\u00e3, Davidson se reuniu com os l\u00edderes locais do seu partido, a exemplo de Rodrigo que articulou sua vinda ao munic\u00edpio, dentre outros, para tratar de detalhes da campanha que ser\u00e1 desenvolvida em Belmonte. Em decorr\u00eancia de uma redistribui\u00e7\u00e3o de \u00e1rea estabelecida pela dire\u00e7\u00e3o estadual do PCdoB, o [&hellip;]<\/p>\n","protected":false},"author":7,"featured_media":0,"comment_status":"closed","ping_status":"open","sticky":false,"template":"","format":"standard","meta":{"footnotes":""},"categories":[1,7],"tags":[156],"class_list":["post-5444","post","type-post","status-publish","format-standard","hentry","category-noticias","category-politica","tag-politica-belmonte"],"_links":{"self":[{"href":"https:\/\/www.maisbn.com\/portal\/wp-json\/wp\/v2\/posts\/5444","targetHints":{"allow":["GET"]}}],"collection":[{"href":"https:\/\/www.maisbn.com\/portal\/wp-json\/wp\/v2\/posts"}],"about":[{"href":"https:\/\/www.maisbn.com\/portal\/wp-json\/wp\/v2\/types\/post"}],"author":[{"embeddable":true,"href":"https:\/\/www.maisbn.com\/portal\/wp-json\/wp\/v2\/users\/7"}],"replies":[{"embeddable":true,"href":"https:\/\/www.maisbn.com\/portal\/wp-json\/wp\/v2\/comments?post=5444"}],"version-history":[{"count":0,"href":"https:\/\/www.maisbn.com\/portal\/wp-json\/wp\/v2\/posts\/5444\/revisions"}],"wp:attachment":[{"href":"https:\/\/www.maisbn.com\/portal\/wp-json\/wp\/v2\/media?parent=5444"}],"wp:term":[{"taxonomy":"category","embeddable":true,"href":"https:\/\/www.maisbn.com\/portal\/wp-json\/wp\/v2\/categories?post=5444"},{"taxonomy":"post_tag","embeddable":true,"href":"https:\/\/www.maisbn.com\/portal\/wp-json\/wp\/v2\/tags?post=5444"}],"curies":[{"name":"wp","href":"https:\/\/api.w.org\/{rel}","templated":true}]}}