{"id":5420,"date":"2014-07-03T21:54:54","date_gmt":"2014-07-04T00:54:54","guid":{"rendered":"http:\/\/www.maisbn.com\/portal\/?p=5420"},"modified":"2014-07-03T21:54:54","modified_gmt":"2014-07-04T00:54:54","slug":"embora-ainda-caiba-recurso-justica-determina-deputado-janio-natal-inelegivel-por-5-anos","status":"publish","type":"post","link":"https:\/\/www.maisbn.com\/portal\/2014\/07\/embora-ainda-caiba-recurso-justica-determina-deputado-janio-natal-inelegivel-por-5-anos\/","title":{"rendered":"Embora ainda caiba recurso, justi\u00e7a determina Deputado J\u00e2nio Natal ineleg\u00edvel por 5 anos."},"content":{"rendered":"<p style=\"color: #4b4b4b;\">O juiz federal Alex Schramm de Rocha, da Subse\u00e7\u00e3o Judici\u00e1ria de Eun\u00e1polis, acaba de condenar, nesta quita-feira, 03, atrav\u00e9s de A\u00e7\u00e3o Civil P\u00fablica, o ex-prefeito de Porto Seguro, o deputado federal J\u00e2nio Natal Andrade Borges, \u00e0 suspens\u00e3o de seus direitos pol\u00edticos por 5 anos, o que afasta o ex gestor das elei\u00e7\u00f5es deste ano, sob a acusa\u00e7\u00e3o de improbidade administrativa.<\/p>\n<p style=\"color: #4b4b4b;\">Juntamente com o ex-prefeito, tiveram seus direitos pol\u00edticos cassados por igual per\u00edodo Carlos Renato da Silva Antunes, Ademir Teles Valiense e Ver\u00f4nica Rosa Pereira, integrantes da Comiss\u00e3o de Licita\u00e7\u00f5es quando J\u00e2nio era prefeito, tendo ainda sido condenadas as empresas Help Ling Com\u00e9rcio e Servi\u00e7os de Inform\u00e1tica Ltda e a Sam\u00f3veis \u2013 Sales Afonso Ind\u00fastria e Com\u00e9rcio Ltda.<\/p>\n<p style=\"color: #4b4b4b;\"><strong>Entenda o caso<\/strong><\/p>\n<p style=\"color: #4b4b4b;\">O ex-prefeito e os integrantes da Comiss\u00e3o, bem como as referidas empresas, foram condenados sob a acusa\u00e7\u00e3o de fraudes e irregularidades no processo licitat\u00f3rio decorrente do conv\u00eanio n\u00ba 042\/20054, firmado entre a Prefeitura de Porto Seguro e o Minist\u00e9rio das Comunica\u00e7\u00f5es, cujo objeto seria a implanta\u00e7\u00e3o e a execu\u00e7\u00e3o de um programa de inclus\u00e3o digital.<\/p>\n<p style=\"color: #4b4b4b;\">De acordo com a den\u00fancia protocolada pelo Minist\u00e9rio P\u00fablico Federal, teriam sido destinados R$ 217.153,00 para execu\u00e7\u00e3o do programa, e que nunca foi colocado em pr\u00e1tica pelos ex-administradores, embora, ap\u00f3s J\u00e2nio ter conhecimento da investiga\u00e7\u00e3o desencadeada pelo MPF, o dinheiro ter sido devolvido aos cofres p\u00fablicos.<\/p>\n<p style=\"color: #4b4b4b;\">Por\u00e9m, no entendimento do magistrado, o simples ressarcimento dos recursos ao er\u00e1rio n\u00e3o tem o cond\u00e3o de absolver os acusados das pr\u00e1ticas de superfaturamento, estimado em torno de 288,9% , quando comparado com os valores praticados no mercado. Para o juiz, al\u00e9m do superfaturamento, houve direcionamento na licita\u00e7\u00e3o, uma vez que as outras duas empresas que teriam participado da mesma sequer comercializavam os itens licitados.<\/p>\n<p style=\"color: #4b4b4b;\"><strong>Conluio<\/strong><\/p>\n<p style=\"color: #4b4b4b;\">Ainda segundo o juiz Alex de Rocha, \u201d com feito, o conluio entre os acusados com o intuito de fraudar o car\u00e1ter competitivo do certame, direcionando o resultado da licita\u00e7\u00e3o para uma \u00fanica empresa, de forma a benefici\u00e1-la com a oferta de produtos superfaturados, foi devidamente comprovada pelos documentos, configurando, portanto, ato de improbidade administrativa que causa les\u00e3o ao er\u00e1rio, nos termos do disposto no art. 10, I, da lei n\u00ba 8,429\/92. Conclui-se, assim, que J\u00e2nio Natal Andrade Borges n\u00e3o s\u00f3 tinha ci\u00eancia de todos os atos, como participou efetivamente, dentro de sua esfera de compet\u00eancia, das irregularidades constatadas nos autos\u201d, destacou o magistrado em sua senten\u00e7a.<\/p>\n<p style=\"color: #4b4b4b;\">Assim posto, cada um dos r\u00e9us, al\u00e9m de terem seus direitos pol\u00edticos cassados, foram ainda condenados ao pagamento de multa civil de 20% (vinte por cento), cabendo cada um pagar a quantia de R$ 57.974,85, \u00a0estando ainda impossibilitados de contratar com o Poder P\u00fablico ou receber benef\u00edcios ou incentivos fiscais ou credit\u00edcios, direta ou indiretamente, pelo prazo de 5 anos.<\/p>\n<p style=\"color: #4b4b4b;\"><strong>A inelegibilidade de J\u00e2nio Natal<\/strong><\/p>\n<p style=\"color: #4b4b4b;\">Com tal decis\u00e3o, embora ainda caiba recurso, o deputado federal J\u00e2nio Natal encontra-se impedido de participar da disputa eleitoral desta e da pr\u00f3xima elei\u00e7\u00e3o. Veja, abaixo, parte da decis\u00e3o que tornou o deputado ineleg\u00edvel pelos pr\u00f3ximos 5 anos.<\/p>\n<p style=\"color: #4b4b4b;\"><a href=\"http:\/\/www.maisbn.com\/portal\/wp-content\/uploads\/2014\/07\/janio-1.jpg\"><img loading=\"lazy\" decoding=\"async\" class=\"alignnone size-full wp-image-5421\" src=\"http:\/\/www.maisbn.com\/portal\/wp-content\/uploads\/2014\/07\/janio-1.jpg\" alt=\"janio 1\" width=\"497\" height=\"450\" srcset=\"https:\/\/www.maisbn.com\/portal\/wp-content\/uploads\/2014\/07\/janio-1.jpg 497w, https:\/\/www.maisbn.com\/portal\/wp-content\/uploads\/2014\/07\/janio-1-386x350.jpg 386w\" sizes=\"auto, (max-width: 497px) 100vw, 497px\" \/><\/a><\/p>\n<p style=\"color: #4b4b4b;\">\n<p><a href=\"http:\/\/www.maisbn.com\/portal\/wp-content\/uploads\/2014\/07\/Janio-5.jpg\"><img loading=\"lazy\" decoding=\"async\" class=\"alignnone size-full wp-image-5422\" src=\"http:\/\/www.maisbn.com\/portal\/wp-content\/uploads\/2014\/07\/Janio-5.jpg\" alt=\"Janio 5\" width=\"600\" height=\"421\" srcset=\"https:\/\/www.maisbn.com\/portal\/wp-content\/uploads\/2014\/07\/Janio-5.jpg 600w, https:\/\/www.maisbn.com\/portal\/wp-content\/uploads\/2014\/07\/Janio-5-498x350.jpg 498w\" sizes=\"auto, (max-width: 600px) 100vw, 600px\" \/><\/a><\/p>\n<p><a href=\"http:\/\/www.maisbn.com\/portal\/wp-content\/uploads\/2014\/07\/janio-6.jpg\"><img loading=\"lazy\" decoding=\"async\" class=\"alignnone size-full wp-image-5423\" src=\"http:\/\/www.maisbn.com\/portal\/wp-content\/uploads\/2014\/07\/janio-6.jpg\" alt=\"janio 6\" width=\"427\" height=\"600\" srcset=\"https:\/\/www.maisbn.com\/portal\/wp-content\/uploads\/2014\/07\/janio-6.jpg 427w, https:\/\/www.maisbn.com\/portal\/wp-content\/uploads\/2014\/07\/janio-6-249x350.jpg 249w\" sizes=\"auto, (max-width: 427px) 100vw, 427px\" \/><\/a><\/p>\n","protected":false},"excerpt":{"rendered":"<p>O juiz federal Alex Schramm de Rocha, da Subse\u00e7\u00e3o Judici\u00e1ria de Eun\u00e1polis, acaba de condenar, nesta quita-feira, 03, atrav\u00e9s de A\u00e7\u00e3o Civil P\u00fablica, o ex-prefeito de Porto Seguro, o deputado federal J\u00e2nio Natal Andrade Borges, \u00e0 suspens\u00e3o de seus direitos pol\u00edticos por 5 anos, o que afasta o ex gestor das elei\u00e7\u00f5es deste ano, sob [&hellip;]<\/p>\n","protected":false},"author":1,"featured_media":0,"comment_status":"closed","ping_status":"open","sticky":false,"template":"","format":"standard","meta":{"footnotes":""},"categories":[1,7],"tags":[351,148],"class_list":["post-5420","post","type-post","status-publish","format-standard","hentry","category-noticias","category-politica","tag-deputado-janio-natal","tag-janio-natal"],"_links":{"self":[{"href":"https:\/\/www.maisbn.com\/portal\/wp-json\/wp\/v2\/posts\/5420","targetHints":{"allow":["GET"]}}],"collection":[{"href":"https:\/\/www.maisbn.com\/portal\/wp-json\/wp\/v2\/posts"}],"about":[{"href":"https:\/\/www.maisbn.com\/portal\/wp-json\/wp\/v2\/types\/post"}],"author":[{"embeddable":true,"href":"https:\/\/www.maisbn.com\/portal\/wp-json\/wp\/v2\/users\/1"}],"replies":[{"embeddable":true,"href":"https:\/\/www.maisbn.com\/portal\/wp-json\/wp\/v2\/comments?post=5420"}],"version-history":[{"count":0,"href":"https:\/\/www.maisbn.com\/portal\/wp-json\/wp\/v2\/posts\/5420\/revisions"}],"wp:attachment":[{"href":"https:\/\/www.maisbn.com\/portal\/wp-json\/wp\/v2\/media?parent=5420"}],"wp:term":[{"taxonomy":"category","embeddable":true,"href":"https:\/\/www.maisbn.com\/portal\/wp-json\/wp\/v2\/categories?post=5420"},{"taxonomy":"post_tag","embeddable":true,"href":"https:\/\/www.maisbn.com\/portal\/wp-json\/wp\/v2\/tags?post=5420"}],"curies":[{"name":"wp","href":"https:\/\/api.w.org\/{rel}","templated":true}]}}