{"id":5366,"date":"2014-06-25T09:06:09","date_gmt":"2014-06-25T12:06:09","guid":{"rendered":"http:\/\/www.maisbn.com\/portal\/?p=5366"},"modified":"2014-06-25T09:06:09","modified_gmt":"2014-06-25T12:06:09","slug":"deputado-janio-natal-promete-fechar-estrada-se-o-derba-nao-der-jeito-em-buracos-da-ba-001","status":"publish","type":"post","link":"https:\/\/www.maisbn.com\/portal\/2014\/06\/deputado-janio-natal-promete-fechar-estrada-se-o-derba-nao-der-jeito-em-buracos-da-ba-001\/","title":{"rendered":"Deputado J\u00e2nio Natal promete fechar estrada se o DERBA n\u00e3o der jeito em buracos da BA-001."},"content":{"rendered":"<p><a href=\"http:\/\/www.maisbn.com\/portal\/wp-content\/uploads\/2013\/12\/estrada-01.jpg\"><img loading=\"lazy\" decoding=\"async\" class=\"alignleft  wp-image-3840\" src=\"http:\/\/www.maisbn.com\/portal\/wp-content\/uploads\/2013\/12\/estrada-01.jpg\" alt=\"estrada 01\" width=\"290\" height=\"262\" \/><\/a>V\u00e1rios comunicados j\u00e1 foram mandados pelas diversas for\u00e7as pol\u00edticas da cidade de Belmonte que est\u00e3o revoltadas com a situa\u00e7\u00e3o das crateras que brotam todo o dia na BA-001, estrada que liga o munic\u00edpio \u00e0 cidade de Santa Cruz Cabr\u00e1lia. Muitos acidentes j\u00e1 aconteceram, inclusive com v\u00edtima fatal e at\u00e9 o momento o Departamento de Estradas e Rodagens do estado da Bahia nada fez com rela\u00e7\u00e3o ao fato.<\/p>\n<p>Nesta semana foi a vez do Deputado J\u00e2nio Natal tomar partido na briga. O deputado se mostra muito revoltado com o descaso do governo e promete se juntar \u00e0 popula\u00e7\u00e3o para fechar a rodovia comprometendo at\u00e9 a locomo\u00e7\u00e3o da sele\u00e7\u00e3o da Alemanha, que est\u00e1 instalada na Vila de Santo Andr\u00e9, se nada for feito at\u00e9 o dia 30\/06.<\/p>\n<p>Segue abaixo o comunicado na \u00edntegra:<\/p>\n<p><strong><em>Prezado Dr. Saulo.<\/em><\/strong><br \/>\n<strong><em> MD Diretor Geral do Derba.<\/em><\/strong><\/p>\n<p><strong><em> Venho, mais uma vez, at\u00e9 vossa senhoria para implorar que tenha a considera\u00e7\u00e3o, compromisso e sensibilidade de tapar os buracos da estrada entre Santo Andr\u00e9 at\u00e9 a cidade de Belmonte, que se encontra com mais de 200 buracos\/crateras, h\u00e1 quase um ano, colocando em risco as vidas de todos que ali transitam.<\/em><\/strong><br \/>\n<strong><em> Por diversas vezes, h\u00e1 mais de seis meses, venho mantendo contato diretamente com voc\u00ea e ouvir em todas as vezes a promessa que seria resolvido, e, at\u00e9 agora, nada foi feito. A comunidade n\u00e3o ag\u00fcenta mais tanto descaso e desrespeito com a causa p\u00fablica.<\/em><\/strong><br \/>\n<strong><em> Infelizmente, devo lhe Comunicar que estarei me juntando aos moradores para interditar todo o tr\u00e2nsito nessa referida estrada, inclusive com poss\u00edveis preju\u00edzos \u00e0 sele\u00e7\u00e3o da Alemanha, que est\u00e1 hospedada em Santo Andr\u00e9.<\/em><\/strong><br \/>\n<strong><em> Tudo isto poder\u00e1 ser evitado, caso a devida recupera\u00e7\u00e3o seja iniciada at\u00e9 o dia 30 deste m\u00eas.<\/em><\/strong><br \/>\n<strong><em> Desculpa-me ter que me posicionar desta forma, mas, como representante desta comunidade sofrida, n\u00e3o encontrei outra maneira para tentar ver resolvida esta quest\u00e3o.<\/em><\/strong><br \/>\n<strong><em> Sem mais, coloco-me \u00e0 disposi\u00e7\u00e3o para o que se fizer necess\u00e1rio.<\/em><\/strong><\/p>\n<p><strong><em> Atenciosamente,<\/em><\/strong><\/p>\n<p><strong><em> J\u00e2nio \u00a0Natal<\/em><\/strong><br \/>\n<strong><em> Dep Federal<\/em><\/strong><br \/>\n<strong><em> <a href=\"mailto:janionatal@gmail.com\" target=\"_blank\">janionatal@gmail.com<\/a><\/em><\/strong><\/p>\n","protected":false},"excerpt":{"rendered":"<p>V\u00e1rios comunicados j\u00e1 foram mandados pelas diversas for\u00e7as pol\u00edticas da cidade de Belmonte que est\u00e3o revoltadas com a situa\u00e7\u00e3o das crateras que brotam todo o dia na BA-001, estrada que liga o munic\u00edpio \u00e0 cidade de Santa Cruz Cabr\u00e1lia. Muitos acidentes j\u00e1 aconteceram, inclusive com v\u00edtima fatal e at\u00e9 o momento o Departamento de Estradas [&hellip;]<\/p>\n","protected":false},"author":7,"featured_media":0,"comment_status":"closed","ping_status":"open","sticky":false,"template":"","format":"standard","meta":{"footnotes":""},"categories":[1,7],"tags":[497,108,351],"class_list":["post-5366","post","type-post","status-publish","format-standard","hentry","category-noticias","category-politica","tag-ba-001","tag-belmonte","tag-deputado-janio-natal"],"_links":{"self":[{"href":"https:\/\/www.maisbn.com\/portal\/wp-json\/wp\/v2\/posts\/5366","targetHints":{"allow":["GET"]}}],"collection":[{"href":"https:\/\/www.maisbn.com\/portal\/wp-json\/wp\/v2\/posts"}],"about":[{"href":"https:\/\/www.maisbn.com\/portal\/wp-json\/wp\/v2\/types\/post"}],"author":[{"embeddable":true,"href":"https:\/\/www.maisbn.com\/portal\/wp-json\/wp\/v2\/users\/7"}],"replies":[{"embeddable":true,"href":"https:\/\/www.maisbn.com\/portal\/wp-json\/wp\/v2\/comments?post=5366"}],"version-history":[{"count":0,"href":"https:\/\/www.maisbn.com\/portal\/wp-json\/wp\/v2\/posts\/5366\/revisions"}],"wp:attachment":[{"href":"https:\/\/www.maisbn.com\/portal\/wp-json\/wp\/v2\/media?parent=5366"}],"wp:term":[{"taxonomy":"category","embeddable":true,"href":"https:\/\/www.maisbn.com\/portal\/wp-json\/wp\/v2\/categories?post=5366"},{"taxonomy":"post_tag","embeddable":true,"href":"https:\/\/www.maisbn.com\/portal\/wp-json\/wp\/v2\/tags?post=5366"}],"curies":[{"name":"wp","href":"https:\/\/api.w.org\/{rel}","templated":true}]}}