{"id":5305,"date":"2014-06-13T15:16:02","date_gmt":"2014-06-13T18:16:02","guid":{"rendered":"http:\/\/www.maisbn.com\/portal\/?p=5305"},"modified":"2014-06-13T15:50:30","modified_gmt":"2014-06-13T18:50:30","slug":"veracel-e-prefeitura-de-belmonte-entregam-uma-fabrica-de-gelo-para-os-pescadores","status":"publish","type":"post","link":"https:\/\/www.maisbn.com\/portal\/2014\/06\/veracel-e-prefeitura-de-belmonte-entregam-uma-fabrica-de-gelo-para-os-pescadores\/","title":{"rendered":"Veracel e Prefeitura de Belmonte entregam uma f\u00e1brica de gelo para os pescadores."},"content":{"rendered":"<p><a href=\"http:\/\/www.maisbn.com\/portal\/wp-content\/uploads\/2014\/06\/coloniainaugurafabricadegelo_00038.jpg\"><img loading=\"lazy\" decoding=\"async\" class=\"aligncenter size-full wp-image-5306\" src=\"http:\/\/www.maisbn.com\/portal\/wp-content\/uploads\/2014\/06\/coloniainaugurafabricadegelo_00038.jpg\" alt=\"coloniainaugurafabricadegelo_00038\" width=\"650\" height=\"412\" srcset=\"https:\/\/www.maisbn.com\/portal\/wp-content\/uploads\/2014\/06\/coloniainaugurafabricadegelo_00038.jpg 650w, https:\/\/www.maisbn.com\/portal\/wp-content\/uploads\/2014\/06\/coloniainaugurafabricadegelo_00038-552x350.jpg 552w\" sizes=\"auto, (max-width: 650px) 100vw, 650px\" \/><\/a><\/p>\n<p>A comunidade de Belmonte comemorou mais uma conquista da Prefeitura Municipal de Belmonte, em parceria com a Veracel e a Col\u00f4nia de Pescadores Z-21. Estamos falando da nova f\u00e1brica de gelo da Col\u00f4nia que ir\u00e1 beneficiar os pescadores da cidade, bem como, auxiliar\u00e1 na manuten\u00e7\u00e3o da atividade pesqueira do munic\u00edpio. Estiveram presentes no evento diversas autoridades, entre elas estavam os Srs Tarc\u00edsio,Pedro Cardoso e Ari Medeiros, representantes da Veracel, juntamente com representantes dos pescadores e o Sr. Carlos Cruz que \u00e9 Secret\u00e1rio de Infraestrutura e estava representando a Prefeita Alice Maria na solenidade.<\/p>\n<div id=\"attachment_5312\" style=\"width: 277px\" class=\"wp-caption alignright\"><a href=\"http:\/\/www.maisbn.com\/portal\/wp-content\/uploads\/2014\/06\/4-Rampa-de-acesso-para-o-embarque-e-desembarque-de-barcos-Belmonte-e1402685069573.jpg\"><img loading=\"lazy\" decoding=\"async\" aria-describedby=\"caption-attachment-5312\" class=\"size-full wp-image-5312\" src=\"http:\/\/www.maisbn.com\/portal\/wp-content\/uploads\/2014\/06\/4-Rampa-de-acesso-para-o-embarque-e-desembarque-de-barcos-Belmonte-e1402685069573.jpg\" alt=\"Rampa de acesso para embarque e desembarque de barcos em Belmonte - Foto: Jornal de Belmonte.\" width=\"267\" height=\"352\" srcset=\"https:\/\/www.maisbn.com\/portal\/wp-content\/uploads\/2014\/06\/4-Rampa-de-acesso-para-o-embarque-e-desembarque-de-barcos-Belmonte-e1402685069573.jpg 267w, https:\/\/www.maisbn.com\/portal\/wp-content\/uploads\/2014\/06\/4-Rampa-de-acesso-para-o-embarque-e-desembarque-de-barcos-Belmonte-e1402685069573-265x350.jpg 265w\" sizes=\"auto, (max-width: 267px) 100vw, 267px\" \/><\/a><p id=\"caption-attachment-5312\" class=\"wp-caption-text\">Rampa de acesso para embarque e desembarque de barcos em Belmonte &#8211; Foto: Jornal de Belmonte.<\/p><\/div>\n<p>Os representantes da Veracel informaram \u00e0 nossa equipe que o investimento levou em considera\u00e7\u00e3o a import\u00e2ncia cultural e econ\u00f4mica que a atividade pesqueira traz para a regi\u00e3o. Ainda\u00a0 foi construida uma rampa de acesso para o embarque e desembarque de embarca\u00e7\u00f5es e as a\u00e7\u00f5es ainda presentearam os pescadores com a reconstru\u00e7\u00e3o de um atracadouro para barcos (trapiche).<\/p>\n<p>A Veracel ainda revelou por meio de seus representantes que essas obras fazem parte do programa socioambiental da empresa de apoio \u00e0 atividade pesqueira, em atendimento ao licenciamento ambiental do Terminal Mar\u00edtimo de Belmonte\u00a0 junto ao Instituto Brasileiro do Meio Ambiente e Recursos Naturais e Renov\u00e1veis (IBAMA).<b> <\/b><\/p>\n<p>Na reuni\u00e3o ainda foi colocado que al\u00e9m dessas obras, a Veracel Celulose tem realizado o Monitoramento das Atividades de Pesca nas\u00a0 Col\u00f4nias de Pescadores de Belmonte e Santa Cruz Cabr\u00e1lia com o objetivo de conhecer a produ\u00e7\u00e3o pesqueira nestes munic\u00edpios, identificando a quantidade e as esp\u00e9cies capturadas, os apetrechos utilizados, o porte das embarca\u00e7\u00f5es e os principais pontos de pesca da regi\u00e3o. Essas informa\u00e7\u00f5es ser\u00e3o \u00fateis para iniciativas de seguran\u00e7a dos pescadores e para a preserva\u00e7\u00e3o da fauna marinha.<b> <\/b><\/p>\n<p>De acordo com o Sr. Ari Medeiros, Diretor de Opera\u00e7\u00f5es da Veracel, a concretiza\u00e7\u00e3o destas obras \u00e9 fruto de um di\u00e1logo constante que a empresa vem desenvolvendo com todas as comunidades em que promove suas opera\u00e7\u00f5es. &#8221; Para n\u00f3s da Veracel, um relacionamento s\u00f3 tem sucesso quando ambos os lados aprendem a ouvir e a falar, sabendo compreender no equil\u00edbrio as necessidades\u00a0 e as limita\u00e7\u00f5es de cada parte. \u00c9 este equil\u00edbrio entre a Veracel\u00a0 e os pescadores locais que tem contribu\u00eddo para o desenvolvimento da nossa regi\u00e3o&#8221; &#8211; Comentou o diretor \u00e0 nossa equipe.<\/p>\n<p>Os pescadores belmontenses ficaram muito felizes com as realiza\u00e7\u00f5es e falaram \u00e0 nossa equipe que se sentem valorizados com as a\u00e7\u00f5es de melhorias promovidas pela Veracel e pela Prefeitura Municipal de Belmonte. \u201cAntes tudo era feito com muita dificuldade e agora isso mudou. Podemos fazer nossas atividades com muito mais seguran\u00e7a e dignidade.&#8221; &#8211; Afirmou Ant\u00f4nio Justiniano Monteiro de Aquino, presidente da Col\u00f4nia de Pescadores e Aquicultores de Belmonte.<\/p>\n<p>O Sr. Carlos Cruz, Secret\u00e1rio de Infraestrutura se mostrou orgulhoso com a realiza\u00e7\u00e3o e falou \u00e0 nossa equipe que a Prefeita Alice Maria vem dando extrema import\u00e2ncia \u00e0s parcerias que est\u00e3o trazendo avan\u00e7os para Belmonte. &#8221; Ningu\u00e9m faz nada sozinho e todo prefeito que tem compromisso com a sua cidade sabe disso. A nossa gest\u00e3o centraliza as a\u00e7\u00f5es para trazer o desenvolvimento para o munic\u00edpio e a Veracel tem sido uma grande parceira nessa busca pelo bem estar de nossas comunidades. Essas inaugura\u00e7\u00f5es de hoje v\u00e3o melhorar a vida dos nossos pescadores e toda a equipe da Prefeita Alice Maria est\u00e1 feliz com essas vit\u00f3rias que estamos conseguindo com muita luta.&#8221; &#8211; Comentou o Secret\u00e1rio.<\/p>\n","protected":false},"excerpt":{"rendered":"<p>A comunidade de Belmonte comemorou mais uma conquista da Prefeitura Municipal de Belmonte, em parceria com a Veracel e a Col\u00f4nia de Pescadores Z-21. Estamos falando da nova f\u00e1brica de gelo da Col\u00f4nia que ir\u00e1 beneficiar os pescadores da cidade, bem como, auxiliar\u00e1 na manuten\u00e7\u00e3o da atividade pesqueira do munic\u00edpio. Estiveram presentes no evento diversas [&hellip;]<\/p>\n","protected":false},"author":7,"featured_media":0,"comment_status":"closed","ping_status":"open","sticky":false,"template":"","format":"standard","meta":{"footnotes":""},"categories":[29,1],"tags":[108,30],"class_list":["post-5305","post","type-post","status-publish","format-standard","hentry","category-empreendimentos","category-noticias","tag-belmonte","tag-veracel"],"_links":{"self":[{"href":"https:\/\/www.maisbn.com\/portal\/wp-json\/wp\/v2\/posts\/5305","targetHints":{"allow":["GET"]}}],"collection":[{"href":"https:\/\/www.maisbn.com\/portal\/wp-json\/wp\/v2\/posts"}],"about":[{"href":"https:\/\/www.maisbn.com\/portal\/wp-json\/wp\/v2\/types\/post"}],"author":[{"embeddable":true,"href":"https:\/\/www.maisbn.com\/portal\/wp-json\/wp\/v2\/users\/7"}],"replies":[{"embeddable":true,"href":"https:\/\/www.maisbn.com\/portal\/wp-json\/wp\/v2\/comments?post=5305"}],"version-history":[{"count":0,"href":"https:\/\/www.maisbn.com\/portal\/wp-json\/wp\/v2\/posts\/5305\/revisions"}],"wp:attachment":[{"href":"https:\/\/www.maisbn.com\/portal\/wp-json\/wp\/v2\/media?parent=5305"}],"wp:term":[{"taxonomy":"category","embeddable":true,"href":"https:\/\/www.maisbn.com\/portal\/wp-json\/wp\/v2\/categories?post=5305"},{"taxonomy":"post_tag","embeddable":true,"href":"https:\/\/www.maisbn.com\/portal\/wp-json\/wp\/v2\/tags?post=5305"}],"curies":[{"name":"wp","href":"https:\/\/api.w.org\/{rel}","templated":true}]}}