{"id":5280,"date":"2014-06-11T08:34:29","date_gmt":"2014-06-11T11:34:29","guid":{"rendered":"http:\/\/www.maisbn.com\/portal\/?p=5280"},"modified":"2014-06-11T08:41:37","modified_gmt":"2014-06-11T11:41:37","slug":"ornalistas-estrangeiros-sao-recebidos-com-festa-no-axe-moi","status":"publish","type":"post","link":"https:\/\/www.maisbn.com\/portal\/2014\/06\/ornalistas-estrangeiros-sao-recebidos-com-festa-no-axe-moi\/","title":{"rendered":"Jornalistas estrangeiros s\u00e3o recebidos com festa no Ax\u00e9 Moi."},"content":{"rendered":"<p><a href=\"http:\/\/www.maisbn.com\/portal\/wp-content\/uploads\/2014\/06\/1Image00008.jpg\"><img loading=\"lazy\" decoding=\"async\" class=\"alignleft  wp-image-5281\" src=\"http:\/\/www.maisbn.com\/portal\/wp-content\/uploads\/2014\/06\/1Image00008.jpg\" alt=\"Porto Seguro\" width=\"305\" height=\"231\" \/><\/a>Acabou em dan\u00e7a e alegria o coquetel de boas vindas oferecido pela Secopa e Bahiatursa, com o apoio da Prefeitura de Porto Seguro, aos cerca de 550 jornalistas nacionais, estrangeiros e da imprensa local, que est\u00e3o fazendo a cobertura das atividades das sele\u00e7\u00f5es da Su\u00ed\u00e7a e Alemanha em Porto Seguro. Durante a festa, realizada no Complexo de Lazer Ax\u00e9 Moi, \u00e0 beira mar, os convidados degustaram pratos e drinques da culin\u00e1ria local e assistiram a diversas manifesta\u00e7\u00f5es da cultural local.<\/p>\n<p><a href=\"http:\/\/www.maisbn.com\/portal\/wp-content\/uploads\/2014\/06\/1Image00004.jpg\"><img loading=\"lazy\" decoding=\"async\" class=\"alignright  wp-image-5282\" src=\"http:\/\/www.maisbn.com\/portal\/wp-content\/uploads\/2014\/06\/1Image00004.jpg\" alt=\"Porto Seguro\" width=\"319\" height=\"213\" \/><\/a>Ao som de seus tambores vibrantes, a grande atra\u00e7\u00e3o da noite foi a banda Olodum, que conseguiu levar os estrangeiros a se jogar na dan\u00e7a. O Olodum est\u00e1 hospedado no Porto Seguro Praia Resort, na praia de Curu\u00edpe, que est\u00e1 recebendo tamb\u00e9m cerca de 100 jornalistas da Su\u00ed\u00e7a. L\u00e1 eles disp\u00f5em de toda a estrutura do Media Centro Internacional e de uma esta\u00e7\u00e3o de trabalho. Estiveram representando o resort no evento, os diretores Guto de Paula e H\u00e9lio de Paula, al\u00e9m da gerente geral de Marketing, Alessandra Quaresma.<\/p>\n<p><a href=\"http:\/\/www.maisbn.com\/portal\/wp-content\/uploads\/2014\/06\/1Image00010.jpg\"><img loading=\"lazy\" decoding=\"async\" class=\"alignleft  wp-image-5283\" src=\"http:\/\/www.maisbn.com\/portal\/wp-content\/uploads\/2014\/06\/1Image00010.jpg\" alt=\"Conventhion\" width=\"303\" height=\"218\" \/><\/a>A abertura ficou por conta dos \u00edndios da tribo patax\u00f3, que fizeram uma apresenta\u00e7\u00e3o do \u201ctor\u00e9\u201d, um ritual de boas vindas, que celebra a amizade e emana boas energias para os visitantes. Eles assistiram ainda a espet\u00e1culos de maculel\u00ea, capoeira e samba, com a rainha do Carnaval do Esp\u00edrito Santo, Ana Paula Assis. \u201cEssa festa \u00e9 tipicamente brasileira\u201d, disse a diretora do Centro de M\u00eddia da Alemanha, Evelyn Hein. O que ela mais gostou? \u201cDos dan\u00e7arinos e dos \u00edndios, que fazem parte da hist\u00f3ria. Mas s\u00e3o coisas como o samba que nos fazem pensar no Brasil\u201d, salienta.<\/p>\n<p style=\"text-align: center;\">\n<p style=\"text-align: center;\">\n<p style=\"text-align: center;\">\n<p style=\"text-align: center;\">\n<p style=\"text-align: center;\"><strong>Boas lembran\u00e7as<\/strong><\/p>\n<p>&nbsp;<\/p>\n<p>\u00c9 justamente esse o <img loading=\"lazy\" decoding=\"async\" class=\"wp-image-5284 alignright\" src=\"http:\/\/www.maisbn.com\/portal\/wp-content\/uploads\/2014\/06\/1Image00006.jpg\" alt=\"Conventhion\" width=\"305\" height=\"214\" \/>desejo da prefeita do munic\u00edpio, Cl\u00e1udia Oliveira, que tamb\u00e9m foi dar as boas vindas aos convidados: que ao voltar para seus pa\u00edses, os estrangeiros continuem pensando no Brasil e em Porto Seguro, com vontade de retornar. \u201c\u00c9 um orgulho e uma satisfa\u00e7\u00e3o saber que depois de tanto trabalho, a Costa do Descobrimento est\u00e1 recebendo a Su\u00ed\u00e7a e a Alemanha. E as pessoas est\u00e3o percebendo que Porto Seguro conta com uma administra\u00e7\u00e3o respons\u00e1vel, que veio para arrumar a casa nos m\u00ednimos detalhes e que trabalha para mostrar nossa cidade para o mundo\u201d, afirma. A prefeita agradeceu o empenho e a parceria de entidades e pessoas como o governador Jaques Wagner; Ney Campello, da Secopa e do Convention Bureau, atrav\u00e9s de Patr\u00edcia Martins, \u201cque foi uma guerreira\u201d.<\/p>\n<p>Falando em portugu\u00eas e ingl\u00eas, o anfitri\u00e3o do Ax\u00e9 Moi e tamb\u00e9m vice-prefeito do munic\u00edpio, Beto Nascimento, tamb\u00e9m agradeceu a todos que trabalharam para receber as delega\u00e7\u00f5es estrangeiras. \u201cBem vindos \u00e0 terra da alegria! Aqui se iniciou a aventura dos descobridores para fazer um novo pa\u00eds. Onde da miscigena\u00e7\u00e3o surgiu esse povo alegre, festeiro e com muito jogo de cintura para aprender a conviver e a respeitar as diferen\u00e7as\u201d. Beto falou ainda da alegria de acolher as duas sele\u00e7\u00f5es mundiais. \u201cTenho certeza que voc\u00eas sentir\u00e3o saudades da nossa casa e da nossa gente. E espero que fa\u00e7am daqui a sua segunda casa\u201d.<\/p>\n","protected":false},"excerpt":{"rendered":"<p>Acabou em dan\u00e7a e alegria o coquetel de boas vindas oferecido pela Secopa e Bahiatursa, com o apoio da Prefeitura de Porto Seguro, aos cerca de 550 jornalistas nacionais, estrangeiros e da imprensa local, que est\u00e3o fazendo a cobertura das atividades das sele\u00e7\u00f5es da Su\u00ed\u00e7a e Alemanha em Porto Seguro. Durante a festa, realizada no [&hellip;]<\/p>\n","protected":false},"author":7,"featured_media":0,"comment_status":"closed","ping_status":"open","sticky":false,"template":"","format":"standard","meta":{"footnotes":""},"categories":[45,1],"tags":[359,534,178],"class_list":["post-5280","post","type-post","status-publish","format-standard","hentry","category-cidades","category-noticias","tag-axe-moi","tag-copa","tag-porto-seguro"],"_links":{"self":[{"href":"https:\/\/www.maisbn.com\/portal\/wp-json\/wp\/v2\/posts\/5280","targetHints":{"allow":["GET"]}}],"collection":[{"href":"https:\/\/www.maisbn.com\/portal\/wp-json\/wp\/v2\/posts"}],"about":[{"href":"https:\/\/www.maisbn.com\/portal\/wp-json\/wp\/v2\/types\/post"}],"author":[{"embeddable":true,"href":"https:\/\/www.maisbn.com\/portal\/wp-json\/wp\/v2\/users\/7"}],"replies":[{"embeddable":true,"href":"https:\/\/www.maisbn.com\/portal\/wp-json\/wp\/v2\/comments?post=5280"}],"version-history":[{"count":0,"href":"https:\/\/www.maisbn.com\/portal\/wp-json\/wp\/v2\/posts\/5280\/revisions"}],"wp:attachment":[{"href":"https:\/\/www.maisbn.com\/portal\/wp-json\/wp\/v2\/media?parent=5280"}],"wp:term":[{"taxonomy":"category","embeddable":true,"href":"https:\/\/www.maisbn.com\/portal\/wp-json\/wp\/v2\/categories?post=5280"},{"taxonomy":"post_tag","embeddable":true,"href":"https:\/\/www.maisbn.com\/portal\/wp-json\/wp\/v2\/tags?post=5280"}],"curies":[{"name":"wp","href":"https:\/\/api.w.org\/{rel}","templated":true}]}}