{"id":5245,"date":"2014-06-05T17:55:28","date_gmt":"2014-06-05T20:55:28","guid":{"rendered":"http:\/\/www.maisbn.com\/portal\/?p=5245"},"modified":"2014-06-05T17:55:28","modified_gmt":"2014-06-05T20:55:28","slug":"cabralia-se-prepara-para-receber-a-selecao-da-alemanha","status":"publish","type":"post","link":"https:\/\/www.maisbn.com\/portal\/2014\/06\/cabralia-se-prepara-para-receber-a-selecao-da-alemanha\/","title":{"rendered":"Cabr\u00e1lia se prepara para receber a Sele\u00e7\u00e3o da Alemanha ."},"content":{"rendered":"<p><a href=\"http:\/\/www.maisbn.com\/portal\/wp-content\/uploads\/2014\/06\/cabralia_d.jpg\"><img loading=\"lazy\" decoding=\"async\" class=\"aligncenter size-full wp-image-5246\" alt=\"cabralia_d\" src=\"http:\/\/www.maisbn.com\/portal\/wp-content\/uploads\/2014\/06\/cabralia_d.jpg\" width=\"640\" height=\"480\" srcset=\"https:\/\/www.maisbn.com\/portal\/wp-content\/uploads\/2014\/06\/cabralia_d.jpg 640w, https:\/\/www.maisbn.com\/portal\/wp-content\/uploads\/2014\/06\/cabralia_d-466x350.jpg 466w\" sizes=\"auto, (max-width: 640px) 100vw, 640px\" \/><\/a><\/p>\n<p>As ruas do munic\u00edpio de Santa Cruz Cabr\u00e1lia j\u00e1 come\u00e7am a mostrar o clima da Copa do Mundo e ganham as cores do Brasil e da Alemanha, principalmente na \u00e1rea pr\u00f3xima \u00e0 balsa. O trecho por onde passar\u00e1 a delega\u00e7\u00e3o alem\u00e3, entre o centro e o distrito de Coroa Vermelha, passou por um mutir\u00e3o de limpeza para receber os visitantes. A sele\u00e7\u00e3o alem\u00e3, que durante a competi\u00e7\u00e3o ficar\u00e1 hospedada e treinar\u00e1 no povoado de Santo Andr\u00e9, chega a Cabr\u00e1lia na manh\u00e3 do pr\u00f3ximo domingo, 8 de junho.<\/p>\n<p>At\u00e9 mesmo o trecho da BR-367 na Ponta Grande, onde a eros\u00e3o causada pelo mar havia levado o asfalto de parte da pista, foi recuperado, faltando apenas a sinaliza\u00e7\u00e3o, incluindo a pintura das faixas, que dever\u00e1 se estender \u00e0s lombadas, principalmente aquelas que est\u00e3o dentro do munic\u00edpio de Cabr\u00e1lia.<\/p>\n<p>Nas ruas tamb\u00e9m j\u00e1 \u00e9 poss\u00edvel observar a presen\u00e7a ostensiva da Cipe Mata Atl\u00e2ntica &#8211; antiga Caema -, que transferiu seu comando para Cabr\u00e1lia durante a Copa.<\/p>\n<p>Devido \u00e0 presen\u00e7a da Sele\u00e7\u00e3o da Alemanha no munic\u00edpio, tamb\u00e9m est\u00e3o sendo providenciadas algumas melhorias de infraestrutura, principalmente em Santo Andr\u00e9, entre elas a amplia\u00e7\u00e3o e manuten\u00e7\u00e3o da rede el\u00e9trica, drenagem do rio Acuba para o rio Jo\u00e3o de Tiba, al\u00e9m da constru\u00e7\u00e3o de um campo de futebol para a comunidade.<\/p>\n","protected":false},"excerpt":{"rendered":"<p>As ruas do munic\u00edpio de Santa Cruz Cabr\u00e1lia j\u00e1 come\u00e7am a mostrar o clima da Copa do Mundo e ganham as cores do Brasil e da Alemanha, principalmente na \u00e1rea pr\u00f3xima \u00e0 balsa. O trecho por onde passar\u00e1 a delega\u00e7\u00e3o alem\u00e3, entre o centro e o distrito de Coroa Vermelha, passou por um mutir\u00e3o de [&hellip;]<\/p>\n","protected":false},"author":7,"featured_media":0,"comment_status":"closed","ping_status":"open","sticky":false,"template":"","format":"standard","meta":{"footnotes":""},"categories":[45,1],"tags":[527,91],"class_list":["post-5245","post","type-post","status-publish","format-standard","hentry","category-cidades","category-noticias","tag-copa-do-mundo","tag-santa-cruz-cabralia"],"_links":{"self":[{"href":"https:\/\/www.maisbn.com\/portal\/wp-json\/wp\/v2\/posts\/5245","targetHints":{"allow":["GET"]}}],"collection":[{"href":"https:\/\/www.maisbn.com\/portal\/wp-json\/wp\/v2\/posts"}],"about":[{"href":"https:\/\/www.maisbn.com\/portal\/wp-json\/wp\/v2\/types\/post"}],"author":[{"embeddable":true,"href":"https:\/\/www.maisbn.com\/portal\/wp-json\/wp\/v2\/users\/7"}],"replies":[{"embeddable":true,"href":"https:\/\/www.maisbn.com\/portal\/wp-json\/wp\/v2\/comments?post=5245"}],"version-history":[{"count":0,"href":"https:\/\/www.maisbn.com\/portal\/wp-json\/wp\/v2\/posts\/5245\/revisions"}],"wp:attachment":[{"href":"https:\/\/www.maisbn.com\/portal\/wp-json\/wp\/v2\/media?parent=5245"}],"wp:term":[{"taxonomy":"category","embeddable":true,"href":"https:\/\/www.maisbn.com\/portal\/wp-json\/wp\/v2\/categories?post=5245"},{"taxonomy":"post_tag","embeddable":true,"href":"https:\/\/www.maisbn.com\/portal\/wp-json\/wp\/v2\/tags?post=5245"}],"curies":[{"name":"wp","href":"https:\/\/api.w.org\/{rel}","templated":true}]}}