{"id":5232,"date":"2014-05-31T13:57:02","date_gmt":"2014-05-31T16:57:02","guid":{"rendered":"http:\/\/www.maisbn.com\/portal\/?p=5232"},"modified":"2014-05-31T13:57:02","modified_gmt":"2014-05-31T16:57:02","slug":"porto-seguro-e-cabralia-ja-dispoem-de-unidade-movel-para-seguranca-na-copa","status":"publish","type":"post","link":"https:\/\/www.maisbn.com\/portal\/2014\/05\/porto-seguro-e-cabralia-ja-dispoem-de-unidade-movel-para-seguranca-na-copa\/","title":{"rendered":"Porto Seguro e Cabr\u00e1lia j\u00e1 disp\u00f5em de unidade m\u00f3vel para seguran\u00e7a na Copa."},"content":{"rendered":"<p>&nbsp;<\/p>\n<p><a href=\"http:\/\/www.maisbn.com\/portal\/wp-content\/uploads\/2014\/05\/sicom_portoseguro.jpg\"><img loading=\"lazy\" decoding=\"async\" class=\"aligncenter size-full wp-image-5233\" alt=\"sicom_portoseguro\" src=\"http:\/\/www.maisbn.com\/portal\/wp-content\/uploads\/2014\/05\/sicom_portoseguro.jpg\" width=\"640\" height=\"361\" srcset=\"https:\/\/www.maisbn.com\/portal\/wp-content\/uploads\/2014\/05\/sicom_portoseguro.jpg 640w, https:\/\/www.maisbn.com\/portal\/wp-content\/uploads\/2014\/05\/sicom_portoseguro-620x350.jpg 620w\" sizes=\"auto, (max-width: 640px) 100vw, 640px\" \/><\/a><\/p>\n<p>Os munic\u00edpios de Porto Seguro e Santa Cruz Cabr\u00e1lia, no extremo sul do estado, que v\u00e3o abrigar as delega\u00e7\u00f5es da Su\u00ed\u00e7a e da Alemanha durante a Copa do Mundo da Fifa Brasil 2014, j\u00e1 disp\u00f5em dos servi\u00e7os e tecnologia do Centro Integrado de Comando e Controle M\u00f3vel (CICC), que far\u00e1 todo o monitoramento das a\u00e7\u00f5es policiais no per\u00edodo do Mundial de Futebol.<\/p>\n<p>Nesta sexta-feira (30), o secret\u00e1rio estadual da Seguran\u00e7a P\u00fablica, Maur\u00edcio Teles Barbosa, apresentou \u00e0 prefeita Cl\u00e1udia Oliveira (Porto Seguro) e ao prefeito Jorge Pontes (Cabr\u00e1lia) as fun\u00e7\u00f5es do ve\u00edculo, que ficar\u00e1 estacionado nas proximidades do 8\u00ba Batalh\u00e3o da Pol\u00edcia Militar (BPM). Tamb\u00e9m estiveram presentes no encontro o capit\u00e3o de corveta, Carlos Augusto, representantes do Judici\u00e1rio local e do Minist\u00e9rio P\u00fablico.<\/p>\n<p>Ser\u00e3o 30 c\u00e2meras instaladas no centro, orla, acessos aos munic\u00edpios, pontos tur\u00edsticos e demais \u00e1reas mapeadas no plano estrat\u00e9gico para a Copa 2014. Tamb\u00e9m haver\u00e1 videomonitoramento nos arredores dos hot\u00e9is em que as sele\u00e7\u00f5es estar\u00e3o concentradas, nos centros de treinamento e no Centro de M\u00eddia, local de onde aproximadamente 300 jornalistas ir\u00e3o transmitir os acontecimentos ao vivo para todo o mundo.<\/p>\n<p><strong>Efetivo<\/strong><\/p>\n<p>Neste per\u00edodo, a frota de ve\u00edculos da regi\u00e3o ser\u00e1 refor\u00e7ada e um helic\u00f3ptero do Grupamento da A\u00e9reo da PM ficar\u00e1 a disposi\u00e7\u00e3o para o caso de emerg\u00eancias, que necessitem de deslocamento mais r\u00e1pido. \u201cAl\u00e9m do investimento em tecnologia, o policiamento daqui j\u00e1 foi<br \/>\nrefor\u00e7ado\u201d, disse o secret\u00e1rio.<\/p>\n<p>Segundo ele, o efetivo de aproximadamente 3,6 mil policiais vai atuar na regi\u00e3o, garantindo maior tranquilidade a baianos e turistas. O secret\u00e1rio aproveitou a ocasi\u00e3o para agradecer os esfor\u00e7os municipais para a efetiva\u00e7\u00e3o das a\u00e7\u00f5es. Maur\u00edcio Barbosa garantiu ainda que, em se tratando de seguran\u00e7a, o evento deixar\u00e1 um legado para toda a \u00e1rea.<\/p>\n<p>Outras cidades do extremo sul v\u00e3o dispor de unidade fixa do CICC, abrigada no Centro Integrado de Comunica\u00e7\u00f5es (Cicom) de Porto Seguro, com servi\u00e7os semelhantes aos da unidade de Salvador, instalada no Parque Tecnol\u00f3gico da Bahia, onde profissionais de seguran\u00e7a e das For\u00e7as Armadas atuar\u00e3o 24 horas por dia durante o Mundial de Futebol, facilitando a comunica\u00e7\u00e3o e as a\u00e7\u00f5es de forma mais \u00e1gil e integrada.<\/p>\n<p><strong>Vistoria<\/strong><\/p>\n<p>Ao lado do comandante do 8\u00ba Batalh\u00e3o da PM, tenente-coronel Valter Serpa, respons\u00e1vel pelo plano de a\u00e7\u00f5es da Copa do Mundo no sul do estado, o secret\u00e1rio percorreu os locais que v\u00e3o receber as delega\u00e7\u00f5es internacionais.<\/p>\n<p>Acompanhado do superintendente estadual da Ag\u00eancia Brasileira de Intelig\u00eancia, M\u00e1rcio Seltz, do comandante-geral da PM, Alfredo Castro, e do delegado-geral da Pol\u00edcia Civil, H\u00e9lio Jorge Paix\u00e3o, ele tamb\u00e9m visitou o est\u00e1dio municipal de Porto Seguro, o centro de treinamento e o hotel La Torre, onde a sele\u00e7\u00e3o da Su\u00ed\u00e7a ficar\u00e1 hospedada e far\u00e1 os preparativos.<\/p>\n<p>No turno da tarde, a comitiva seguiu para Santa Cruz Cabr\u00e1lia, onde ficar\u00e1 concentrada a Sele\u00e7\u00e3o da Alemanha. Segundo o prefeito Jorge Pontes, j\u00e1 \u00e9 poss\u00edvel notar as mudan\u00e7as e os benef\u00edcios do evento para a regi\u00e3o em rela\u00e7\u00e3o \u00e0 seguran\u00e7a p\u00fablica, mobilidade e infraestrutura do munic\u00edpio.<\/p>\n<p>\u201cAcredito que a Copa [do Mundo] deixar\u00e1 muitos resultados para todo o extremo sul, principalmente para Cabr\u00e1lia e Porto Seguro, que est\u00e3o recebendo aten\u00e7\u00e3o especial e este investimento em tecnologia e pessoal\u201d, disse o prefeito.<\/p>\n","protected":false},"excerpt":{"rendered":"<p>&nbsp; Os munic\u00edpios de Porto Seguro e Santa Cruz Cabr\u00e1lia, no extremo sul do estado, que v\u00e3o abrigar as delega\u00e7\u00f5es da Su\u00ed\u00e7a e da Alemanha durante a Copa do Mundo da Fifa Brasil 2014, j\u00e1 disp\u00f5em dos servi\u00e7os e tecnologia do Centro Integrado de Comando e Controle M\u00f3vel (CICC), que far\u00e1 todo o monitoramento das [&hellip;]<\/p>\n","protected":false},"author":7,"featured_media":0,"comment_status":"closed","ping_status":"open","sticky":false,"template":"","format":"standard","meta":{"footnotes":""},"categories":[45,1],"tags":[178,91],"class_list":["post-5232","post","type-post","status-publish","format-standard","hentry","category-cidades","category-noticias","tag-porto-seguro","tag-santa-cruz-cabralia"],"_links":{"self":[{"href":"https:\/\/www.maisbn.com\/portal\/wp-json\/wp\/v2\/posts\/5232","targetHints":{"allow":["GET"]}}],"collection":[{"href":"https:\/\/www.maisbn.com\/portal\/wp-json\/wp\/v2\/posts"}],"about":[{"href":"https:\/\/www.maisbn.com\/portal\/wp-json\/wp\/v2\/types\/post"}],"author":[{"embeddable":true,"href":"https:\/\/www.maisbn.com\/portal\/wp-json\/wp\/v2\/users\/7"}],"replies":[{"embeddable":true,"href":"https:\/\/www.maisbn.com\/portal\/wp-json\/wp\/v2\/comments?post=5232"}],"version-history":[{"count":0,"href":"https:\/\/www.maisbn.com\/portal\/wp-json\/wp\/v2\/posts\/5232\/revisions"}],"wp:attachment":[{"href":"https:\/\/www.maisbn.com\/portal\/wp-json\/wp\/v2\/media?parent=5232"}],"wp:term":[{"taxonomy":"category","embeddable":true,"href":"https:\/\/www.maisbn.com\/portal\/wp-json\/wp\/v2\/categories?post=5232"},{"taxonomy":"post_tag","embeddable":true,"href":"https:\/\/www.maisbn.com\/portal\/wp-json\/wp\/v2\/tags?post=5232"}],"curies":[{"name":"wp","href":"https:\/\/api.w.org\/{rel}","templated":true}]}}