{"id":5221,"date":"2014-05-30T01:23:47","date_gmt":"2014-05-30T04:23:47","guid":{"rendered":"http:\/\/www.maisbn.com\/portal\/?p=5221"},"modified":"2014-05-30T01:28:09","modified_gmt":"2014-05-30T04:28:09","slug":"policia-militar-de-belmonte-apreende-dois-menores-por-trafico-de-drogas","status":"publish","type":"post","link":"https:\/\/www.maisbn.com\/portal\/2014\/05\/policia-militar-de-belmonte-apreende-dois-menores-por-trafico-de-drogas\/","title":{"rendered":"Policia Militar de Belmonte apreende dois menores por tr\u00e1fico de drogas."},"content":{"rendered":"<p><a href=\"http:\/\/www.maisbn.com\/portal\/wp-content\/uploads\/2014\/05\/drogasruaniva.jpg\"><img loading=\"lazy\" decoding=\"async\" class=\"alignleft  wp-image-5222\" alt=\"drogasruaniva\" src=\"http:\/\/www.maisbn.com\/portal\/wp-content\/uploads\/2014\/05\/drogasruaniva.jpg\" width=\"309\" height=\"246\" \/><\/a>Na tarde desta sexta-feira(29\/05) policiais da 5\u00aa CIA\/Belmonte capturaram dois menores e o indiv\u00edduo de 18 anos identificado pelo nome de Idal\u00e9cio da Concei\u00e7\u00e3o que foram surpreendidos com 06 pedras de crack na Trav.Manoel Vitrurino. Os menores de iniciais MVS e RRO estavam no meio da rua juntamente com o maior que tentou empreender fuga mas vou alcan\u00e7ado pelos policiais. No momento da abordagem nada foi encontrado com os envolvidos, mas nas buscas pelo local foi descoberta uma trouxinha de pl\u00e1stico com as pedras pr\u00f3ximo ao muro na parte de dentro do quintal da casa.\u00a0 O menor RNO ent\u00e3o confessou que a droga era dele e que o mesmo tinha jogado por cima do muro ao avistar a viatura. O menor ainda explicou \u00e0 guarni\u00e7\u00e3o que estava vendendo as pedras por R$ 10,00 e que estava trabalhando para o traficante conhecido como Orelhinha. O mesmo ainda explicou que o maior de idade encontrado com eles n\u00e3o estava na situa\u00e7\u00e3o e que s\u00f3 estava passando e parou para cumprimentar os dois na hora que os policiais surpreenderam o tr\u00eas juntos na esquina.<\/p>\n<p>De posse do material, os policiais levaram os envolvidos para a Delegacia de Belmonte onde foram recebidos pelo Dr. Uendel, delegado que agora est\u00e1 sendo respons\u00e1vel pela cidade, para que se tomasse as medidas legais.<\/p>\n","protected":false},"excerpt":{"rendered":"<p>Na tarde desta sexta-feira(29\/05) policiais da 5\u00aa CIA\/Belmonte capturaram dois menores e o indiv\u00edduo de 18 anos identificado pelo nome de Idal\u00e9cio da Concei\u00e7\u00e3o que foram surpreendidos com 06 pedras de crack na Trav.Manoel Vitrurino. Os menores de iniciais MVS e RRO estavam no meio da rua juntamente com o maior que tentou empreender fuga [&hellip;]<\/p>\n","protected":false},"author":7,"featured_media":0,"comment_status":"closed","ping_status":"open","sticky":false,"template":"","format":"standard","meta":{"footnotes":""},"categories":[1,16],"tags":[108,44],"class_list":["post-5221","post","type-post","status-publish","format-standard","hentry","category-noticias","category-policial","tag-belmonte","tag-belmonte-ba"],"_links":{"self":[{"href":"https:\/\/www.maisbn.com\/portal\/wp-json\/wp\/v2\/posts\/5221","targetHints":{"allow":["GET"]}}],"collection":[{"href":"https:\/\/www.maisbn.com\/portal\/wp-json\/wp\/v2\/posts"}],"about":[{"href":"https:\/\/www.maisbn.com\/portal\/wp-json\/wp\/v2\/types\/post"}],"author":[{"embeddable":true,"href":"https:\/\/www.maisbn.com\/portal\/wp-json\/wp\/v2\/users\/7"}],"replies":[{"embeddable":true,"href":"https:\/\/www.maisbn.com\/portal\/wp-json\/wp\/v2\/comments?post=5221"}],"version-history":[{"count":0,"href":"https:\/\/www.maisbn.com\/portal\/wp-json\/wp\/v2\/posts\/5221\/revisions"}],"wp:attachment":[{"href":"https:\/\/www.maisbn.com\/portal\/wp-json\/wp\/v2\/media?parent=5221"}],"wp:term":[{"taxonomy":"category","embeddable":true,"href":"https:\/\/www.maisbn.com\/portal\/wp-json\/wp\/v2\/categories?post=5221"},{"taxonomy":"post_tag","embeddable":true,"href":"https:\/\/www.maisbn.com\/portal\/wp-json\/wp\/v2\/tags?post=5221"}],"curies":[{"name":"wp","href":"https:\/\/api.w.org\/{rel}","templated":true}]}}