{"id":5117,"date":"2014-05-19T11:05:52","date_gmt":"2014-05-19T14:05:52","guid":{"rendered":"http:\/\/www.maisbn.com\/portal\/?p=5117"},"modified":"2014-05-19T11:05:52","modified_gmt":"2014-05-19T14:05:52","slug":"forro-da-cesta-do-povo-desaba-e-loja-e-interditada","status":"publish","type":"post","link":"https:\/\/www.maisbn.com\/portal\/2014\/05\/forro-da-cesta-do-povo-desaba-e-loja-e-interditada\/","title":{"rendered":"F\u00f4rro da Cesta do Povo desaba e loja \u00e9 interditada."},"content":{"rendered":"<p><a href=\"http:\/\/www.maisbn.com\/portal\/wp-content\/uploads\/2014\/05\/CAM00296.jpg\"><img loading=\"lazy\" decoding=\"async\" class=\"alignleft  wp-image-5118\" alt=\"CAM00296\" src=\"http:\/\/www.maisbn.com\/portal\/wp-content\/uploads\/2014\/05\/CAM00296.jpg\" width=\"291\" height=\"215\" \/><\/a>Tudo que n\u00e3o tem manuten\u00e7\u00e3o um dia cobra o seu pre\u00e7o. Com base nesse pensamento, relatamos a situa\u00e7\u00e3o ca\u00f3tica em que se encontra o Mercad\u00e3o Municipal onde fica abrigada a Cesta do Povo. Inaugurado ainda na \u00e9poca do prefeito J\u00e2nio Natal, o pr\u00e9dio nunca passou por uma reforma preventiva em sua estrutura e hoje se encontra literalmente caindo aos peda\u00e7os e causando riscos \u00e0s pessoas que frequentam as suas instala\u00e7\u00f5es.<\/p>\n<p>Nossa equipe na manh\u00e3 desta segunda-feira<a href=\"http:\/\/www.maisbn.com\/portal\/wp-content\/uploads\/2014\/05\/CAM00298.jpg\"><img loading=\"lazy\" decoding=\"async\" class=\"alignright  wp-image-5119\" alt=\"CAM00298\" src=\"http:\/\/www.maisbn.com\/portal\/wp-content\/uploads\/2014\/05\/CAM00298.jpg\" width=\"313\" height=\"212\" \/><\/a> (19\/05), flagrou o exemplo do grave descaso. Estivemos na \u00e1rea onde funciona a unidade da Cesta do Povo e registramos a queda do f\u00f4rro que assustou os funcion\u00e1rios e acabou interditando a loja. Por causa da situa\u00e7\u00e3o a unidade\u00a0 teve o seu funcionamento suspenso at\u00e9 que o problema seja resolvido.<\/p>\n<p>Agora, pela primeira vez em todos esses anos \u00e9 que todo o pr\u00e9dio do Mercad\u00e3o Municipal ir\u00e1 passar por uma revitaliza\u00e7\u00e3o. A Assessoria da Prefeitura Municipal de Belmonte nos informou que as obras j\u00e1 est\u00e3o previstas para come\u00e7ar e que a unidade da Cesta do Povo ser\u00e1 transferida para outro local at\u00e9 o t\u00e9rmino dos reparos necess\u00e1rios.<\/p>\n","protected":false},"excerpt":{"rendered":"<p>Tudo que n\u00e3o tem manuten\u00e7\u00e3o um dia cobra o seu pre\u00e7o. Com base nesse pensamento, relatamos a situa\u00e7\u00e3o ca\u00f3tica em que se encontra o Mercad\u00e3o Municipal onde fica abrigada a Cesta do Povo. Inaugurado ainda na \u00e9poca do prefeito J\u00e2nio Natal, o pr\u00e9dio nunca passou por uma reforma preventiva em sua estrutura e hoje se [&hellip;]<\/p>\n","protected":false},"author":7,"featured_media":0,"comment_status":"closed","ping_status":"open","sticky":false,"template":"","format":"standard","meta":{"footnotes":""},"categories":[20,1],"tags":[108,101],"class_list":["post-5117","post","type-post","status-publish","format-standard","hentry","category-bahia","category-noticias","tag-belmonte","tag-belmonte-bahia-2"],"_links":{"self":[{"href":"https:\/\/www.maisbn.com\/portal\/wp-json\/wp\/v2\/posts\/5117","targetHints":{"allow":["GET"]}}],"collection":[{"href":"https:\/\/www.maisbn.com\/portal\/wp-json\/wp\/v2\/posts"}],"about":[{"href":"https:\/\/www.maisbn.com\/portal\/wp-json\/wp\/v2\/types\/post"}],"author":[{"embeddable":true,"href":"https:\/\/www.maisbn.com\/portal\/wp-json\/wp\/v2\/users\/7"}],"replies":[{"embeddable":true,"href":"https:\/\/www.maisbn.com\/portal\/wp-json\/wp\/v2\/comments?post=5117"}],"version-history":[{"count":0,"href":"https:\/\/www.maisbn.com\/portal\/wp-json\/wp\/v2\/posts\/5117\/revisions"}],"wp:attachment":[{"href":"https:\/\/www.maisbn.com\/portal\/wp-json\/wp\/v2\/media?parent=5117"}],"wp:term":[{"taxonomy":"category","embeddable":true,"href":"https:\/\/www.maisbn.com\/portal\/wp-json\/wp\/v2\/categories?post=5117"},{"taxonomy":"post_tag","embeddable":true,"href":"https:\/\/www.maisbn.com\/portal\/wp-json\/wp\/v2\/tags?post=5117"}],"curies":[{"name":"wp","href":"https:\/\/api.w.org\/{rel}","templated":true}]}}