{"id":5114,"date":"2014-05-18T02:29:49","date_gmt":"2014-05-18T05:29:49","guid":{"rendered":"http:\/\/www.maisbn.com\/portal\/?p=5114"},"modified":"2014-05-18T02:29:49","modified_gmt":"2014-05-18T05:29:49","slug":"populacao-exige-e-coelba-promove-melhorias-para-energia-de-belmonte","status":"publish","type":"post","link":"https:\/\/www.maisbn.com\/portal\/2014\/05\/populacao-exige-e-coelba-promove-melhorias-para-energia-de-belmonte\/","title":{"rendered":"Popula\u00e7\u00e3o exige e COELBA promove melhorias para energia de Belmonte."},"content":{"rendered":"<p><a href=\"http:\/\/www.maisbn.com\/portal\/wp-content\/uploads\/2014\/05\/coelba_carvalho.jpg\"><img loading=\"lazy\" decoding=\"async\" class=\"aligncenter size-full wp-image-5115\" alt=\"coelba_carvalho\" src=\"http:\/\/www.maisbn.com\/portal\/wp-content\/uploads\/2014\/05\/coelba_carvalho.jpg\" width=\"960\" height=\"720\" srcset=\"https:\/\/www.maisbn.com\/portal\/wp-content\/uploads\/2014\/05\/coelba_carvalho.jpg 960w, https:\/\/www.maisbn.com\/portal\/wp-content\/uploads\/2014\/05\/coelba_carvalho-466x350.jpg 466w, https:\/\/www.maisbn.com\/portal\/wp-content\/uploads\/2014\/05\/coelba_carvalho-933x700.jpg 933w\" sizes=\"auto, (max-width: 960px) 100vw, 960px\" \/><\/a><\/p>\n<p>Um dos problemas que tira o sono da popula\u00e7\u00e3o belmontense \u00e9 a situa\u00e7\u00e3o da energia el\u00e9trica da cidade. O grande problema \u00e9 que Belmonte tem uma rede envelhecida e que j\u00e1 n\u00e3o suporta o tamanho da carga exigida por causa do crescimento da cidade. Por causa disso, os apag\u00f5es est\u00e3o sendo frequentes e a queima de aparelhos el\u00e9tricos se tornaram rotina na cidade.<\/p>\n<p>Mas parece que as coisas est\u00e3o come\u00e7ando a mudar gra\u00e7as \u00e0 organiza\u00e7\u00e3o da popula\u00e7\u00e3o belmontense que exigiu em audi\u00eancia p\u00fablica melhorias na rede el\u00e9trica junto \u00e0 COELBA. A audi\u00eancia, que foi organizada pelo vereador Carvalho acompanhado do deputado Capit\u00e3o Tadeu, teve a participa\u00e7\u00e3o de v\u00e1rios membros da comunidade, lideran\u00e7as pol\u00edticas, representantes da COELBA e Minist\u00e9rio P\u00fablico. Nas discuss\u00f5es a popula\u00e7\u00e3o foi ouvida pela empresa que prometeu provid\u00eancias para a situa\u00e7\u00e3o.<\/p>\n<p>Felizmente as a\u00e7\u00f5es est\u00e3o come\u00e7ando a sair do campo das promessas. A COELBA j\u00e1 come\u00e7ou a trocar algumas fia\u00e7\u00f5es das ruas da cidade e a instalar transformadores novos nos postes. Agora a empresa est\u00e1 instalando a 3\u00aa linha el\u00e9trica que est\u00e1 vindo do munic\u00edpio de Santa Cruz Cabr\u00e1lia. Uma subesta\u00e7\u00e3o est\u00e1 sendo instalada no trevo do Rio Preto para garantir a estabilidade da energia.<\/p>\n<p>O vereador Carvalho esteve no local para ver os equipamentos e informou que j\u00e1 est\u00e1 dando pra sentir as melhorias, j\u00e1 que, as quedas de energia diminu\u00edram bastante, mas, segundo o vereador, a luta agora \u00e9 para a instala\u00e7\u00e3o de uma subesta\u00e7\u00e3o el\u00e9trica no munic\u00edpio que passa por um processo de industrializa\u00e7\u00e3o. O vereador informou que ainda luta pela conclus\u00e3o do programa de eletrifica\u00e7\u00e3o rural no munic\u00edpio que poder\u00e1 atender diversas comunidades que ainda est\u00e3o sem energia el\u00e9trica.<\/p>\n","protected":false},"excerpt":{"rendered":"<p>Um dos problemas que tira o sono da popula\u00e7\u00e3o belmontense \u00e9 a situa\u00e7\u00e3o da energia el\u00e9trica da cidade. O grande problema \u00e9 que Belmonte tem uma rede envelhecida e que j\u00e1 n\u00e3o suporta o tamanho da carga exigida por causa do crescimento da cidade. Por causa disso, os apag\u00f5es est\u00e3o sendo frequentes e a queima [&hellip;]<\/p>\n","protected":false},"author":7,"featured_media":0,"comment_status":"closed","ping_status":"open","sticky":false,"template":"","format":"standard","meta":{"footnotes":""},"categories":[29,1],"tags":[108,44,317],"class_list":["post-5114","post","type-post","status-publish","format-standard","hentry","category-empreendimentos","category-noticias","tag-belmonte","tag-belmonte-ba","tag-vereador-carvalho"],"_links":{"self":[{"href":"https:\/\/www.maisbn.com\/portal\/wp-json\/wp\/v2\/posts\/5114","targetHints":{"allow":["GET"]}}],"collection":[{"href":"https:\/\/www.maisbn.com\/portal\/wp-json\/wp\/v2\/posts"}],"about":[{"href":"https:\/\/www.maisbn.com\/portal\/wp-json\/wp\/v2\/types\/post"}],"author":[{"embeddable":true,"href":"https:\/\/www.maisbn.com\/portal\/wp-json\/wp\/v2\/users\/7"}],"replies":[{"embeddable":true,"href":"https:\/\/www.maisbn.com\/portal\/wp-json\/wp\/v2\/comments?post=5114"}],"version-history":[{"count":0,"href":"https:\/\/www.maisbn.com\/portal\/wp-json\/wp\/v2\/posts\/5114\/revisions"}],"wp:attachment":[{"href":"https:\/\/www.maisbn.com\/portal\/wp-json\/wp\/v2\/media?parent=5114"}],"wp:term":[{"taxonomy":"category","embeddable":true,"href":"https:\/\/www.maisbn.com\/portal\/wp-json\/wp\/v2\/categories?post=5114"},{"taxonomy":"post_tag","embeddable":true,"href":"https:\/\/www.maisbn.com\/portal\/wp-json\/wp\/v2\/tags?post=5114"}],"curies":[{"name":"wp","href":"https:\/\/api.w.org\/{rel}","templated":true}]}}