{"id":5042,"date":"2014-05-09T09:13:28","date_gmt":"2014-05-09T12:13:28","guid":{"rendered":"http:\/\/www.maisbn.com\/portal\/?p=5042"},"modified":"2014-05-09T09:17:05","modified_gmt":"2014-05-09T12:17:05","slug":"belmonte-recebe-maquinas-do-pac-2-entregues-pelo-governo-federal","status":"publish","type":"post","link":"https:\/\/www.maisbn.com\/portal\/2014\/05\/belmonte-recebe-maquinas-do-pac-2-entregues-pelo-governo-federal\/","title":{"rendered":"Belmonte recebe m\u00e1quinas do PAC 2 entregues pelo Governo Federal."},"content":{"rendered":"<p><a href=\"http:\/\/www.maisbn.com\/portal\/wp-content\/uploads\/2014\/05\/maquinasalice1.jpg\"><img loading=\"lazy\" decoding=\"async\" class=\"size-full wp-image-5043 alignnone\" alt=\"maquinasalice1\" src=\"http:\/\/www.maisbn.com\/portal\/wp-content\/uploads\/2014\/05\/maquinasalice1.jpg\" width=\"533\" height=\"400\" srcset=\"https:\/\/www.maisbn.com\/portal\/wp-content\/uploads\/2014\/05\/maquinasalice1.jpg 533w, https:\/\/www.maisbn.com\/portal\/wp-content\/uploads\/2014\/05\/maquinasalice1-466x350.jpg 466w\" sizes=\"auto, (max-width: 533px) 100vw, 533px\" \/><\/a><\/p>\n<p>A Prefeita Alice Maria Britto participou da entrega das 228 m\u00e1quinas agr\u00edcolas que ocorreu na ter\u00e7a (29\/4), em Feira de Santana, com a <a href=\"http:\/\/www.maisbn.com\/portal\/wp-content\/uploads\/2014\/05\/maquinasalice3.jpg\"><img loading=\"lazy\" decoding=\"async\" class=\"alignright  wp-image-5045\" alt=\"maquinasalice3\" src=\"http:\/\/www.maisbn.com\/portal\/wp-content\/uploads\/2014\/05\/maquinasalice3.jpg\" width=\"306\" height=\"229\" srcset=\"https:\/\/www.maisbn.com\/portal\/wp-content\/uploads\/2014\/05\/maquinasalice3.jpg 533w, https:\/\/www.maisbn.com\/portal\/wp-content\/uploads\/2014\/05\/maquinasalice3-466x350.jpg 466w\" sizes=\"auto, (max-width: 306px) 100vw, 306px\" \/><\/a>participa\u00e7\u00e3o da presidente Dilma Rousseff, do governado Jaques Wagner e do vice-governador e pr\u00e9-candidato ao senado, Otto Alencar.<\/p>\n<p>A a\u00e7\u00e3o faz parte do Programa de Acelera\u00e7\u00e3o do Crescimento (PAC 2). Prefeitos de 190 munic\u00edpios receberam das m\u00e3os da presidente as chaves dos equipamentos. Foram investidos R$ 67,9 milh\u00f5es na aquisi\u00e7\u00e3o de 41 motoniveladoras, 76 caminh\u00f5es ca\u00e7amba, 111 p\u00e1s carregadeiras.<\/p>\n<p>A Prefeitura Municipal de Belmonte tinha feito a inscri\u00e7\u00e3o para participar do programa no ano passado e a Prefeita Alice Maria Britto recebeu em m\u00e3os uma motoniveladora e uma ca\u00e7amba novinha que far\u00e3o parte da frota do munic\u00edpio. &#8220;Esses ve\u00edculos ser\u00e3o uma grande ajuda para a nossa cidade e auxiliar\u00e3o nas obras que est\u00e3o sendo feitas para melhorar a vida do nosso povo.&#8221; &#8211; Concluiu Alice muito feliz com a aquisi\u00e7\u00e3o dos equipamentos.<\/p>\n","protected":false},"excerpt":{"rendered":"<p>A Prefeita Alice Maria Britto participou da entrega das 228 m\u00e1quinas agr\u00edcolas que ocorreu na ter\u00e7a (29\/4), em Feira de Santana, com a participa\u00e7\u00e3o da presidente Dilma Rousseff, do governado Jaques Wagner e do vice-governador e pr\u00e9-candidato ao senado, Otto Alencar. A a\u00e7\u00e3o faz parte do Programa de Acelera\u00e7\u00e3o do Crescimento (PAC 2). Prefeitos de [&hellip;]<\/p>\n","protected":false},"author":7,"featured_media":0,"comment_status":"closed","ping_status":"open","sticky":false,"template":"","format":"standard","meta":{"footnotes":""},"categories":[29,1],"tags":[520,101,519,518],"class_list":["post-5042","post","type-post","status-publish","format-standard","hentry","category-empreendimentos","category-noticias","tag-alice-maria","tag-belmonte-bahia-2","tag-governo-federal","tag-pac-2"],"_links":{"self":[{"href":"https:\/\/www.maisbn.com\/portal\/wp-json\/wp\/v2\/posts\/5042","targetHints":{"allow":["GET"]}}],"collection":[{"href":"https:\/\/www.maisbn.com\/portal\/wp-json\/wp\/v2\/posts"}],"about":[{"href":"https:\/\/www.maisbn.com\/portal\/wp-json\/wp\/v2\/types\/post"}],"author":[{"embeddable":true,"href":"https:\/\/www.maisbn.com\/portal\/wp-json\/wp\/v2\/users\/7"}],"replies":[{"embeddable":true,"href":"https:\/\/www.maisbn.com\/portal\/wp-json\/wp\/v2\/comments?post=5042"}],"version-history":[{"count":0,"href":"https:\/\/www.maisbn.com\/portal\/wp-json\/wp\/v2\/posts\/5042\/revisions"}],"wp:attachment":[{"href":"https:\/\/www.maisbn.com\/portal\/wp-json\/wp\/v2\/media?parent=5042"}],"wp:term":[{"taxonomy":"category","embeddable":true,"href":"https:\/\/www.maisbn.com\/portal\/wp-json\/wp\/v2\/categories?post=5042"},{"taxonomy":"post_tag","embeddable":true,"href":"https:\/\/www.maisbn.com\/portal\/wp-json\/wp\/v2\/tags?post=5042"}],"curies":[{"name":"wp","href":"https:\/\/api.w.org\/{rel}","templated":true}]}}