{"id":5031,"date":"2014-05-08T07:04:15","date_gmt":"2014-05-08T10:04:15","guid":{"rendered":"http:\/\/www.maisbn.com\/portal\/?p=5031"},"modified":"2014-05-08T07:04:15","modified_gmt":"2014-05-08T10:04:15","slug":"vereador-de-cabralia-esta-desaparecido-desde-a-madrugada-de-domingo","status":"publish","type":"post","link":"https:\/\/www.maisbn.com\/portal\/2014\/05\/vereador-de-cabralia-esta-desaparecido-desde-a-madrugada-de-domingo\/","title":{"rendered":"Vereador de Cabr\u00e1lia est\u00e1 desaparecido desde a madrugada de domingo"},"content":{"rendered":"<p>O vereador de Santa Cruz Cabr\u00e1lia Gedehon Teixeira da Cruz (PRB), conhecido como Show de Bola, est\u00e1 desaparecido desde a madrugada de domingo (04).<\/p>\n<p>Segundo Informa\u00e7\u00f5es, o vereador foi visto pela \u00faltima vez por volta da 1h30 da madrugada de domingo, quando participava de uma festa pelo Dia do Trabalhador, no centro de Cabr\u00e1lia.<br \/>\n<img loading=\"lazy\" decoding=\"async\" class=\"size-full wp-image-5032 aligncenter\" alt=\"image1\" src=\"http:\/\/www.maisbn.com\/portal\/wp-content\/uploads\/2014\/05\/image1.jpg\" width=\"640\" height=\"360\" srcset=\"https:\/\/www.maisbn.com\/portal\/wp-content\/uploads\/2014\/05\/image1.jpg 640w, https:\/\/www.maisbn.com\/portal\/wp-content\/uploads\/2014\/05\/image1-622x350.jpg 622w\" sizes=\"auto, (max-width: 640px) 100vw, 640px\" \/><br \/>\nO vereador Gedehon mora em Rio do Sul, zona rural do munic\u00edpio.<\/p>\n<p><strong>Buscas<\/strong><\/p>\n<p>Colegas vereadores, parentes e amigos j\u00e1 percorreram fazendas, povoados e outras localidades no munic\u00edpio, sem que se tenha obtido uma \u00fanica pista.<\/p>\n<p>O\u00a0prefeito Jorge Pontes est\u00e1 mantendo os contatos com familiares e serventu\u00e1rios do munic\u00edpio no sentido de colher as informa\u00e7\u00f5es que o caso requer.<\/p>\n","protected":false},"excerpt":{"rendered":"<p>O vereador de Santa Cruz Cabr\u00e1lia Gedehon Teixeira da Cruz (PRB), conhecido como Show de Bola, est\u00e1 desaparecido desde a madrugada de domingo (04). Segundo Informa\u00e7\u00f5es, o vereador foi visto pela \u00faltima vez por volta da 1h30 da madrugada de domingo, quando participava de uma festa pelo Dia do Trabalhador, no centro de Cabr\u00e1lia. O [&hellip;]<\/p>\n","protected":false},"author":1,"featured_media":0,"comment_status":"closed","ping_status":"open","sticky":false,"template":"","format":"standard","meta":{"footnotes":""},"categories":[1,16],"tags":[627,43,91],"class_list":["post-5031","post","type-post","status-publish","format-standard","hentry","category-noticias","category-policial","tag-policial","tag-politica-2","tag-santa-cruz-cabralia"],"_links":{"self":[{"href":"https:\/\/www.maisbn.com\/portal\/wp-json\/wp\/v2\/posts\/5031","targetHints":{"allow":["GET"]}}],"collection":[{"href":"https:\/\/www.maisbn.com\/portal\/wp-json\/wp\/v2\/posts"}],"about":[{"href":"https:\/\/www.maisbn.com\/portal\/wp-json\/wp\/v2\/types\/post"}],"author":[{"embeddable":true,"href":"https:\/\/www.maisbn.com\/portal\/wp-json\/wp\/v2\/users\/1"}],"replies":[{"embeddable":true,"href":"https:\/\/www.maisbn.com\/portal\/wp-json\/wp\/v2\/comments?post=5031"}],"version-history":[{"count":0,"href":"https:\/\/www.maisbn.com\/portal\/wp-json\/wp\/v2\/posts\/5031\/revisions"}],"wp:attachment":[{"href":"https:\/\/www.maisbn.com\/portal\/wp-json\/wp\/v2\/media?parent=5031"}],"wp:term":[{"taxonomy":"category","embeddable":true,"href":"https:\/\/www.maisbn.com\/portal\/wp-json\/wp\/v2\/categories?post=5031"},{"taxonomy":"post_tag","embeddable":true,"href":"https:\/\/www.maisbn.com\/portal\/wp-json\/wp\/v2\/tags?post=5031"}],"curies":[{"name":"wp","href":"https:\/\/api.w.org\/{rel}","templated":true}]}}