{"id":4945,"date":"2014-04-17T16:23:25","date_gmt":"2014-04-17T19:23:25","guid":{"rendered":"http:\/\/www.maisbn.com\/portal\/?p=4945"},"modified":"2014-04-17T16:23:25","modified_gmt":"2014-04-17T19:23:25","slug":"greve-da-pm-ba-chega-ao-fim-no-terceiro-dia","status":"publish","type":"post","link":"https:\/\/www.maisbn.com\/portal\/2014\/04\/greve-da-pm-ba-chega-ao-fim-no-terceiro-dia\/","title":{"rendered":"Greve da PM-BA chega ao fim no terceiro dia"},"content":{"rendered":"<p>Ap\u00f3s assembleia-geral realizada no espa\u00e7o Wet&#8217;n Wild, na Avenida Paralela, em Salvador, os policiais militares da Bahia decidiram encerrar a\u00a0greve, nesta quinta-feira (17), pouco depois das 14h15, em seu terceiro dia de mobiliza\u00e7\u00e3o.<\/p>\n<p><a href=\"http:\/\/www.maisbn.com\/portal\/wp-content\/uploads\/2014\/04\/greve_pm_ba.jpg\"><img loading=\"lazy\" decoding=\"async\" class=\"size-full wp-image-4946 aligncenter\" alt=\"A greve da pol\u00edcia militar em Salvador culminou em diversas ondas de viol\u00eancia pela capital baiana nos \u00faltimos dias\" src=\"http:\/\/www.maisbn.com\/portal\/wp-content\/uploads\/2014\/04\/greve_pm_ba.jpg\" width=\"435\" height=\"324\" \/><\/a><\/p>\n<p>A proposta consolidada ap\u00f3s encontro entre representantes das associa\u00e7\u00f5es da categoria, do departamento jur\u00eddico do governo, do comando da PM e da Ordem dos Advogados do Brasil (OAB-BA), bem como o arcebispo primaz do Brasil dom Murilo Krieger foi votada pelos PMs e aprovada pela maioria, ap\u00f3s o l\u00edder dos pra\u00e7as (Aspra), vereador Marco Prisco (PSDB), ler o conte\u00fado do pacto e declarar que &#8220;para a associa\u00e7\u00e3o, o acordo \u00e9 bom&#8221; e ser seguido pelos demais chefes das entidades e pelo deputado estadual Capit\u00e3o Tadeu (PSB).<\/p>\n<p>O tucano convocou a todos os presentes no parque aqu\u00e1tico que lotem a Assembleia Legislativa para cobrar dos parlamentares a vota\u00e7\u00e3o dos projetos de interesse da categoria e para um churrasco, com direito a arrocha, em comemora\u00e7\u00e3o \u00e0 &#8220;vit\u00f3ria hist\u00f3rica&#8221;. Entre os itens conquistados est\u00e1 a garantia da n\u00e3o puni\u00e7\u00e3o aos participantes do levante, assim como a revis\u00e3o do C\u00f3digo de \u00c9tica e do plano de cargos e sal\u00e1rios, t\u00e3o logo os PMs retomem os postos de trabalho. Antes da plen\u00e1ria, dom Murilo orou pelos policiais mortos no per\u00edodo de paralisa\u00e7\u00e3o e clamou pelo fim do movimento paredista. Al\u00e9m do decreto de ilegalidade pelo Judici\u00e1rio baiano (TJ-BA), a Justi\u00e7a Federal determinou o imediato fim da greve, sob pena de pagamento de multa di\u00e1ria de R$ 1,4 milh\u00e3o, e o bloqueio de bens das entidades de classe e dos seus l\u00edderes.<\/p>\n","protected":false},"excerpt":{"rendered":"<p>Ap\u00f3s assembleia-geral realizada no espa\u00e7o Wet&#8217;n Wild, na Avenida Paralela, em Salvador, os policiais militares da Bahia decidiram encerrar a\u00a0greve, nesta quinta-feira (17), pouco depois das 14h15, em seu terceiro dia de mobiliza\u00e7\u00e3o. A proposta consolidada ap\u00f3s encontro entre representantes das associa\u00e7\u00f5es da categoria, do departamento jur\u00eddico do governo, do comando da PM e da [&hellip;]<\/p>\n","protected":false},"author":1,"featured_media":0,"comment_status":"closed","ping_status":"open","sticky":false,"template":"","format":"standard","meta":{"footnotes":""},"categories":[1,16],"tags":[169],"class_list":["post-4945","post","type-post","status-publish","format-standard","hentry","category-noticias","category-policial","tag-pm-ba"],"_links":{"self":[{"href":"https:\/\/www.maisbn.com\/portal\/wp-json\/wp\/v2\/posts\/4945","targetHints":{"allow":["GET"]}}],"collection":[{"href":"https:\/\/www.maisbn.com\/portal\/wp-json\/wp\/v2\/posts"}],"about":[{"href":"https:\/\/www.maisbn.com\/portal\/wp-json\/wp\/v2\/types\/post"}],"author":[{"embeddable":true,"href":"https:\/\/www.maisbn.com\/portal\/wp-json\/wp\/v2\/users\/1"}],"replies":[{"embeddable":true,"href":"https:\/\/www.maisbn.com\/portal\/wp-json\/wp\/v2\/comments?post=4945"}],"version-history":[{"count":0,"href":"https:\/\/www.maisbn.com\/portal\/wp-json\/wp\/v2\/posts\/4945\/revisions"}],"wp:attachment":[{"href":"https:\/\/www.maisbn.com\/portal\/wp-json\/wp\/v2\/media?parent=4945"}],"wp:term":[{"taxonomy":"category","embeddable":true,"href":"https:\/\/www.maisbn.com\/portal\/wp-json\/wp\/v2\/categories?post=4945"},{"taxonomy":"post_tag","embeddable":true,"href":"https:\/\/www.maisbn.com\/portal\/wp-json\/wp\/v2\/tags?post=4945"}],"curies":[{"name":"wp","href":"https:\/\/api.w.org\/{rel}","templated":true}]}}