{"id":4941,"date":"2014-04-17T11:43:14","date_gmt":"2014-04-17T14:43:14","guid":{"rendered":"http:\/\/www.maisbn.com\/portal\/?p=4941"},"modified":"2014-04-17T11:43:14","modified_gmt":"2014-04-17T14:43:14","slug":"prefeita-vereadores-e-ex-funcionarios-exigem-de-empresas-vagas-perdidas-para-beneficiar-eunapolis-2","status":"publish","type":"post","link":"https:\/\/www.maisbn.com\/portal\/2014\/04\/prefeita-vereadores-e-ex-funcionarios-exigem-de-empresas-vagas-perdidas-para-beneficiar-eunapolis-2\/","title":{"rendered":"Prefeita, vereadores e ex-funcion\u00e1rios exigem de empresas vagas perdidas para beneficiar Eun\u00e1polis."},"content":{"rendered":"<p><a href=\"http:\/\/www.maisbn.com\/portal\/wp-content\/uploads\/2014\/04\/audiencia_veracel.jpg\"><img loading=\"lazy\" decoding=\"async\" class=\"aligncenter\" alt=\"audiencia_veracel\" src=\"http:\/\/www.maisbn.com\/portal\/wp-content\/uploads\/2014\/04\/audiencia_veracel.jpg\" width=\"650\" height=\"412\" \/><\/a><\/p>\n<p>Aconteceu nesta quarta-feira (16\/04) a reuni\u00e3o, t\u00e3o esperada, de reivindica\u00e7\u00e3o das vagas dos\u00a0 ex-funcion\u00e1rios da empresa Julio Sim\u00f5es (JSL-SA),\u00a0 que foram perdidas para favorecer os trabalhadores de Eun\u00e1polis. Estiveram presentes, a Prefeita Sra. Alice Maria, secret\u00e1rios, vereadores, sindicato da classe, representante da Veracel Celulose, JSL-SA, ex-funcion\u00e1rios e comunidade local.<\/p>\n<p>A reuni\u00e3o foi apresentada pelos ex-funcion\u00e1rios Cristiano e Alex, que deram uma aula de cidadania e demonstraram que a justificativa dada pelo Sr. Marcelo Neiva (representante da JSL), quanto \u00e0s demiss\u00f5es por motivo de falta de produ\u00e7\u00e3o, n\u00e3o cabia nesse contexto, pois, foram apresentadas pelos ex-funcion\u00e1rios, todas as estat\u00edsticas relacionadas \u00e0 opera\u00e7\u00e3o da empresa, o que evidenciou, mais uma vez, que as demiss\u00f5es foram para privilegiar os trabalhadores de Eun\u00e1polis.<\/p>\n<p>O Sr. Marcelo tentou desfocar a reuni\u00e3o, dando exemplos de a\u00e7\u00f5es sociais que a empresa fez ao Munic\u00edpio, por\u00e9m, foi rebatido pela Prefeita Alice Maria e pelo Secret\u00e1rio do Interior, Sr. Jos\u00e9 Raymundo, no qual disseram que a\u00e7\u00f5es sociais s\u00e3o de responsabilidade da empresa e o que estava em discurs\u00e3o, era a vida desses trabalhadores prejudicados.<\/p>\n<p>Dentre os assuntos discutidos, o do projeto \u201c Menor Aprendiz\u201d, teve grande impacto, pois, o mesmo tamb\u00e9m s\u00f3 favorece ao munic\u00edpio de Eun\u00e1poilis, sendo que Belmonte e Barrol\u00e2ndia est\u00e3o mais pr\u00f3ximos e n\u00e3o s\u00e3o contemplados pela empresa.<\/p>\n<p>A Veracel Celulose,por sua vez, com seu representante, Sr. Pedro Cardozo, acatou as demandas e sugeriu uma nova reuni\u00e3o, para definir a solu\u00e7\u00e3o, juntamente com Prefeitura Municipal e JSL, marcada para o dia 28-04-2014. A prefeita Alice Maria foi enf\u00e1tica e disse que se n\u00e3o fosse resolvido a situa\u00e7\u00e3o at\u00e9 esta data, ela seria a primeira a fazer uma manifesta\u00e7\u00e3o em defesa desses trabalhadores e contou com o apoio dos vereadores e todos os presentes.<\/p>\n<p>O Mun\u00edcipio segue ansioso, aguardando o \u201cplano de a\u00e7\u00e3o\u201d que solucionar\u00e1 o impacto s\u00f3cio- econ\u00f4mico provocado pela JSL-SA e Veracel Celulose. As empresas tamb\u00e9m se preocupam porque elas agora t\u00eam toda uma popula\u00e7\u00e3o contra elas, j\u00e1 que, todas as lideran\u00e7as pol\u00edticas da cidade est\u00e3o cobrando das empresas as vagas que foram tomadas pelos funcion\u00e1rios de Eun\u00e1polis.<\/p>\n<p>Depois da reuni\u00e3o deu para se notar o desconforto do Sr. Marcelo Naiva perante os resultados, pois, claramente a empresa subestimou os belmontenses e achou que eles n\u00e3o tinham base para as reclama\u00e7\u00f5es. Isso mostra que o nosso povo n\u00e3o \u00e9 mais aquele \u201cpovo carneiro\u201d de antigamente e que est\u00e1 pronto para exigir os seus direitos.<\/p>\n<p>Hoje (17\/04) a Prefeita Alice Maria foi \u00e0 sede da Veracel expor o que estava acontecendo e apresentar suas reivindica\u00e7\u00f5es. Ela se mostrou preocupada com os acontecimentos e prometeu \u00e0 nossa equipe que n\u00e3o medir\u00e1 esfor\u00e7os para defender os belmontenses contra os interesses do munic\u00edpio vizinho.<\/p>\n","protected":false},"excerpt":{"rendered":"<p>Aconteceu nesta quarta-feira (16\/04) a reuni\u00e3o, t\u00e3o esperada, de reivindica\u00e7\u00e3o das vagas dos\u00a0 ex-funcion\u00e1rios da empresa Julio Sim\u00f5es (JSL-SA),\u00a0 que foram perdidas para favorecer os trabalhadores de Eun\u00e1polis. Estiveram presentes, a Prefeita Sra. Alice Maria, secret\u00e1rios, vereadores, sindicato da classe, representante da Veracel Celulose, JSL-SA, ex-funcion\u00e1rios e comunidade local. A reuni\u00e3o foi apresentada pelos ex-funcion\u00e1rios [&hellip;]<\/p>\n","protected":false},"author":7,"featured_media":0,"comment_status":"closed","ping_status":"open","sticky":false,"template":"","format":"standard","meta":{"footnotes":""},"categories":[29,1],"tags":[108,510,438,30],"class_list":["post-4941","post","type-post","status-publish","format-standard","hentry","category-empreendimentos","category-noticias","tag-belmonte","tag-jsl-logistica","tag-julio-simoes","tag-veracel"],"_links":{"self":[{"href":"https:\/\/www.maisbn.com\/portal\/wp-json\/wp\/v2\/posts\/4941","targetHints":{"allow":["GET"]}}],"collection":[{"href":"https:\/\/www.maisbn.com\/portal\/wp-json\/wp\/v2\/posts"}],"about":[{"href":"https:\/\/www.maisbn.com\/portal\/wp-json\/wp\/v2\/types\/post"}],"author":[{"embeddable":true,"href":"https:\/\/www.maisbn.com\/portal\/wp-json\/wp\/v2\/users\/7"}],"replies":[{"embeddable":true,"href":"https:\/\/www.maisbn.com\/portal\/wp-json\/wp\/v2\/comments?post=4941"}],"version-history":[{"count":0,"href":"https:\/\/www.maisbn.com\/portal\/wp-json\/wp\/v2\/posts\/4941\/revisions"}],"wp:attachment":[{"href":"https:\/\/www.maisbn.com\/portal\/wp-json\/wp\/v2\/media?parent=4941"}],"wp:term":[{"taxonomy":"category","embeddable":true,"href":"https:\/\/www.maisbn.com\/portal\/wp-json\/wp\/v2\/categories?post=4941"},{"taxonomy":"post_tag","embeddable":true,"href":"https:\/\/www.maisbn.com\/portal\/wp-json\/wp\/v2\/tags?post=4941"}],"curies":[{"name":"wp","href":"https:\/\/api.w.org\/{rel}","templated":true}]}}