{"id":4935,"date":"2014-04-16T16:58:27","date_gmt":"2014-04-16T19:58:27","guid":{"rendered":"http:\/\/www.maisbn.com\/portal\/?p=4935"},"modified":"2014-04-16T16:58:27","modified_gmt":"2014-04-16T19:58:27","slug":"governador-diz-que-greve-da-policia-militar-e-mais-politica-do-que-da-categoria","status":"publish","type":"post","link":"https:\/\/www.maisbn.com\/portal\/2014\/04\/governador-diz-que-greve-da-policia-militar-e-mais-politica-do-que-da-categoria\/","title":{"rendered":"Governador diz que greve da Policia Militar \u00e9 mais pol\u00edtica do que da categoria."},"content":{"rendered":"<p><a href=\"http:\/\/www.maisbn.com\/portal\/wp-content\/uploads\/2014\/04\/greve_policia2.jpg\"><img loading=\"lazy\" decoding=\"async\" class=\"aligncenter size-full wp-image-4936\" alt=\"greve_policia2\" src=\"http:\/\/www.maisbn.com\/portal\/wp-content\/uploads\/2014\/04\/greve_policia2.jpg\" width=\"380\" height=\"280\" \/><\/a><\/p>\n<p>O governador Jaques Wagner definiu que a greve da Pol\u00edcia Militar, anunciada na noite desta ter\u00e7a-feira (15) \u2013 sob a lideran\u00e7a do vereador Marco Prisco (PSDB) e do deputado estadual Capit\u00e3o Tadeu (PSB) \u2013, tem cunho eleitoral. \u201cEsse \u00e9 um ano eleitoral e \u00f3bvio que h\u00e1 uma contamina\u00e7\u00e3o, j\u00e1 que duas das lideran\u00e7as s\u00e3o candidatas. A greve da PM \u00e9 mais uma demanda pol\u00edtica-eleitoral do que uma demanda da categoria, de fato\u201d, insinuou o chefe do Executivo, no primeiro pronunciamento sobre a paralisa\u00e7\u00e3o, em coletiva de imprensa na tarde desta quarta-feira (16), na sede da Governadoria. Para o gestor, ainda \u00e9 \u201cmuito cedo\u201d para mensurar os poss\u00edveis danos eleitorais com o movimento paredista no pleito de outubro. \u201cObviamente a popula\u00e7\u00e3o fica desconfort\u00e1vel com a greve\u201d, considerou. Wagner explicou que tentou, pessoalmente, negociar com as associa\u00e7\u00f5es da pol\u00edcia. Nos dias 10 e 11, ele mesmo apresentou a proposta inicial para a categoria e ficou acertado que eles voltariam com uma contraproposta. Em vez de dar um retorno, os representantes resolveram marcar a assembleia-geral. De acordo com o governador, n\u00e3o havia negocia\u00e7\u00e3o de reajuste salarial, mas sim de moderniza\u00e7\u00e3o da corpora\u00e7\u00e3o. Ele acrescentou que o Estado pagar\u00e1, uma parte em novembro deste ano e outra parcela em abril, a GAP V, fruto da negocia\u00e7\u00e3o com o movimento em 2012.<\/p>\n<p>Segundo Wagner, com o reajuste linear, a categoria teria ganho de 8% no total, o que deixaria os funcion\u00e1rios da PM com o sexto maior sal\u00e1rio da classe no pa\u00eds. \u201cAs pessoas est\u00e3o confundindo di\u00e1logo e negocia\u00e7\u00e3o com falta de autoridade. Vamos mostrar que essa autoridade existe no Estado\u201d, defendeu o gestor. Ele lembrou que j\u00e1 foi concedida pela presidente Dilma Rousseff a Garantia da Lei e da Ordem, para levar Ex\u00e9rcito e For\u00e7a Nacional \u00e0s ruas, e recomenda que a popula\u00e7\u00e3o saia de casa. \u201cCom as For\u00e7as Nacionais, as pessoas v\u00e3o retomar suas atividades. Daqui at\u00e9 sexta-feira j\u00e1 vai existir um clima de normalidade na cidade\u201d, estimou. Ap\u00f3s a paralisa\u00e7\u00e3o ser decretada ilegal pela Justi\u00e7a baiana, Wagner conta ter conversado com o ministro Joaquim Barbosa, que declarou que o entendimento do Supremo Tribunal Federal \u00e9 de que as for\u00e7as militares n\u00e3o t\u00eam direito de fazer greve. \u201cN\u00f3s temos que tratar como uma coisa institucional\u201d, estimou. O governador avalia que a paralisa\u00e7\u00e3o deste ano deve causar menos danos do que a \u00faltima decretada pelos policiais. \u201cEsse ano a greve est\u00e1 sendo menos danosa do que em 2012, porque os pr\u00f3prios policiais causaram p\u00e2nico. Esse ano, isso n\u00e3o est\u00e1 acontecendo ainda\u201d, considerou. Sobre as poss\u00edveis puni\u00e7\u00f5es acarretadas com a ilegalidade do movimento, ele diz que ser\u00e3o abertos processos administrativos, no Judici\u00e1rio, que devem resultar desde absolvi\u00e7\u00e3o a exonera\u00e7\u00e3o dos envolvidos. Segundo Wagner, a nova lista de reivindica\u00e7\u00f5es dos PM, prevista para ser entregue nesta quarta (16), n\u00e3o foi enviada pela categoria. O governador rejeitou a possibilidade de mudar o comando da Secretaria de Seguran\u00e7a P\u00fablica: &#8220;N\u00e3o tenho por h\u00e1bito deslocar ningu\u00e9m em situa\u00e7\u00e3o de crise e n\u00e3o tem nenhuma conversa nesse sentido&#8221;.<\/p>\n<p><strong>\u00a0<\/strong><\/p>\n","protected":false},"excerpt":{"rendered":"<p>O governador Jaques Wagner definiu que a greve da Pol\u00edcia Militar, anunciada na noite desta ter\u00e7a-feira (15) \u2013 sob a lideran\u00e7a do vereador Marco Prisco (PSDB) e do deputado estadual Capit\u00e3o Tadeu (PSB) \u2013, tem cunho eleitoral. \u201cEsse \u00e9 um ano eleitoral e \u00f3bvio que h\u00e1 uma contamina\u00e7\u00e3o, j\u00e1 que duas das lideran\u00e7as s\u00e3o candidatas. [&hellip;]<\/p>\n","protected":false},"author":7,"featured_media":0,"comment_status":"closed","ping_status":"open","sticky":false,"template":"","format":"standard","meta":{"footnotes":""},"categories":[1],"tags":[108,403,513,178],"class_list":["post-4935","post","type-post","status-publish","format-standard","hentry","category-noticias","tag-belmonte","tag-cabralia","tag-greve-da-policia-militar-2014","tag-porto-seguro"],"_links":{"self":[{"href":"https:\/\/www.maisbn.com\/portal\/wp-json\/wp\/v2\/posts\/4935","targetHints":{"allow":["GET"]}}],"collection":[{"href":"https:\/\/www.maisbn.com\/portal\/wp-json\/wp\/v2\/posts"}],"about":[{"href":"https:\/\/www.maisbn.com\/portal\/wp-json\/wp\/v2\/types\/post"}],"author":[{"embeddable":true,"href":"https:\/\/www.maisbn.com\/portal\/wp-json\/wp\/v2\/users\/7"}],"replies":[{"embeddable":true,"href":"https:\/\/www.maisbn.com\/portal\/wp-json\/wp\/v2\/comments?post=4935"}],"version-history":[{"count":0,"href":"https:\/\/www.maisbn.com\/portal\/wp-json\/wp\/v2\/posts\/4935\/revisions"}],"wp:attachment":[{"href":"https:\/\/www.maisbn.com\/portal\/wp-json\/wp\/v2\/media?parent=4935"}],"wp:term":[{"taxonomy":"category","embeddable":true,"href":"https:\/\/www.maisbn.com\/portal\/wp-json\/wp\/v2\/categories?post=4935"},{"taxonomy":"post_tag","embeddable":true,"href":"https:\/\/www.maisbn.com\/portal\/wp-json\/wp\/v2\/tags?post=4935"}],"curies":[{"name":"wp","href":"https:\/\/api.w.org\/{rel}","templated":true}]}}