{"id":4902,"date":"2014-04-12T21:16:23","date_gmt":"2014-04-13T00:16:23","guid":{"rendered":"http:\/\/www.maisbn.com\/portal\/?p=4902"},"modified":"2014-04-14T00:48:10","modified_gmt":"2014-04-14T03:48:10","slug":"belmonte-vai-encenar-o-espetaculo-a-paixao-de-cristo-ao-ar-livre","status":"publish","type":"post","link":"https:\/\/www.maisbn.com\/portal\/2014\/04\/belmonte-vai-encenar-o-espetaculo-a-paixao-de-cristo-ao-ar-livre\/","title":{"rendered":"Belmonte vai encenar o espet\u00e1culo \u00b4A Paix\u00e3o de Cristo\u00b4 ao ar livre"},"content":{"rendered":"<p>A cidade de Belmonte estar\u00e1 encenando pela primeira vez ao Ar Livre, o espet\u00e1culo \u201cA Paix\u00e3o de Cristo\u201d, que promete movimentar toda a comunidade, e ser\u00e1 apresentado no dia 18 de abril, no est\u00e1dio municipal.<\/p>\n<p>O Espet\u00e1culo \u00e9 uma realiza\u00e7\u00e3o da Ordem dos Ministros Evang\u00e9licos de Belmonte (OMEB) e da Prefeitura Municipal e tem no elenco membros das congrega\u00e7\u00f5es crist\u00e3s , alem participa\u00e7\u00e3o de crian\u00e7as, adolescentes e adultos da comunidade.<\/p>\n<p><iframe loading=\"lazy\" src=\"\/\/www.youtube.com\/embed\/QEaIb_hubXc\" height=\"390\" width=\"640\" allowfullscreen=\"\" frameborder=\"0\"><\/iframe><\/p>\n<p>O espet\u00e1culo est\u00e1 sendo dirigido pelo Diretor e produtor Cultural da Cia Circo De Pulgas, Sid Oliveira, que possui uma grande experi\u00eancia em espet\u00e1culos culturais de grande porte.<\/p>\n<p>Segundo os membros das congrega\u00e7\u00f5es evang\u00e9licas, a realiza\u00e7\u00e3o deste espet\u00e1culo \u00e9 uma oportunidade de todos n\u00f3s refletirmos a respeito de todo sofrimento de jesus para salvar a humanidade.<\/p>\n<p>Os organizadores esperam contar com a presen\u00e7a de toda popula\u00e7\u00e3o para celebrar o espet\u00e1culo vai retratar a vida ,paix\u00e3o e morte de Cristo.<\/p>\n<p>&nbsp;<\/p>\n<p>E: BAHIADIADIA<\/p>\n<p>&nbsp;<\/p>\n<p>&nbsp;<\/p>\n","protected":false},"excerpt":{"rendered":"<p>A cidade de Belmonte estar\u00e1 encenando pela primeira vez ao Ar Livre, o espet\u00e1culo \u201cA Paix\u00e3o de Cristo\u201d, que promete movimentar toda a comunidade, e ser\u00e1 apresentado no dia 18 de abril, no est\u00e1dio municipal. O Espet\u00e1culo \u00e9 uma realiza\u00e7\u00e3o da Ordem dos Ministros Evang\u00e9licos de Belmonte (OMEB) e da Prefeitura Municipal e tem no [&hellip;]<\/p>\n","protected":false},"author":1,"featured_media":4903,"comment_status":"closed","ping_status":"open","sticky":false,"template":"","format":"standard","meta":{"footnotes":""},"categories":[1],"tags":[101,508,507],"class_list":["post-4902","post","type-post","status-publish","format-standard","has-post-thumbnail","hentry","category-noticias","tag-belmonte-bahia-2","tag-encenacao","tag-paixao-de-cristo"],"_links":{"self":[{"href":"https:\/\/www.maisbn.com\/portal\/wp-json\/wp\/v2\/posts\/4902","targetHints":{"allow":["GET"]}}],"collection":[{"href":"https:\/\/www.maisbn.com\/portal\/wp-json\/wp\/v2\/posts"}],"about":[{"href":"https:\/\/www.maisbn.com\/portal\/wp-json\/wp\/v2\/types\/post"}],"author":[{"embeddable":true,"href":"https:\/\/www.maisbn.com\/portal\/wp-json\/wp\/v2\/users\/1"}],"replies":[{"embeddable":true,"href":"https:\/\/www.maisbn.com\/portal\/wp-json\/wp\/v2\/comments?post=4902"}],"version-history":[{"count":0,"href":"https:\/\/www.maisbn.com\/portal\/wp-json\/wp\/v2\/posts\/4902\/revisions"}],"wp:featuredmedia":[{"embeddable":true,"href":"https:\/\/www.maisbn.com\/portal\/wp-json\/wp\/v2\/media\/4903"}],"wp:attachment":[{"href":"https:\/\/www.maisbn.com\/portal\/wp-json\/wp\/v2\/media?parent=4902"}],"wp:term":[{"taxonomy":"category","embeddable":true,"href":"https:\/\/www.maisbn.com\/portal\/wp-json\/wp\/v2\/categories?post=4902"},{"taxonomy":"post_tag","embeddable":true,"href":"https:\/\/www.maisbn.com\/portal\/wp-json\/wp\/v2\/tags?post=4902"}],"curies":[{"name":"wp","href":"https:\/\/api.w.org\/{rel}","templated":true}]}}