{"id":4896,"date":"2014-04-12T21:04:20","date_gmt":"2014-04-13T00:04:20","guid":{"rendered":"http:\/\/www.maisbn.com\/portal\/?p=4896"},"modified":"2014-04-12T22:15:49","modified_gmt":"2014-04-13T01:15:49","slug":"audiencia-publica-reune-autoridades-e-empresarios-e-moradores","status":"publish","type":"post","link":"https:\/\/www.maisbn.com\/portal\/2014\/04\/audiencia-publica-reune-autoridades-e-empresarios-e-moradores\/","title":{"rendered":"Belmonte faz Audi\u00eancia P\u00fablica para discutir os maus servi\u00e7os da COELBA."},"content":{"rendered":"<p>Na \u00faltima sexta-feira (11\/04) reuniram-se com representantes da Coelba na sede da C\u00e2mara Municipal de Vereadores de Belmonte v\u00e1rias autoridades dentre elas a promotora da cidade Dr. Let\u00edcia Campos Baird, o Deputado Estadual Capit\u00e3o Tadeu que \u00e9 Coordenador da Subcomiss\u00e3o de seguran\u00e7a P\u00fablica e defesa civil da Bahia, a Vice-prefeita Carla Xavier, o Secret\u00e1rio de Infraestrutura Carlos Cruz representando a Prefeita Alice Brito, o Capit\u00e3o da PM Ricardo Ara\u00fajo, al\u00e9m de empres\u00e1rios, populares e representantes da comunidade.<\/p>\n<p><a href=\"http:\/\/www.maisbn.com\/portal\/wp-content\/uploads\/2014\/04\/audiencia.jpg\"><img loading=\"lazy\" decoding=\"async\" class=\"size-full wp-image-4897 aligncenter\" alt=\"audiencia\" src=\"http:\/\/www.maisbn.com\/portal\/wp-content\/uploads\/2014\/04\/audiencia.jpg\" width=\"650\" height=\"412\" srcset=\"https:\/\/www.maisbn.com\/portal\/wp-content\/uploads\/2014\/04\/audiencia.jpg 650w, https:\/\/www.maisbn.com\/portal\/wp-content\/uploads\/2014\/04\/audiencia-552x350.jpg 552w\" sizes=\"auto, (max-width: 650px) 100vw, 650px\" \/><\/a><\/p>\n<p>O motivo da audi\u00eancia foi \u00e0 busca de melhorias para os graves problemas na rede de fornecimento de energia el\u00e9trica da cidade e seus distritos onde ocorrem constantes oscila\u00e7\u00f5es e interrup\u00e7\u00f5es que causam v\u00e1rios transtornos tanto para os moradores como para as empresas.<\/p>\n<p>O Deputado Estadual Capit\u00e3o Tadeu agradeceu ao vereador Carvalho pela <a href=\"http:\/\/www.maisbn.com\/portal\/wp-content\/uploads\/2014\/04\/tadeu.jpg\"><img loading=\"lazy\" decoding=\"async\" class=\"alignright  wp-image-4898\" alt=\"tadeu\" src=\"http:\/\/www.maisbn.com\/portal\/wp-content\/uploads\/2014\/04\/tadeu.jpg\" width=\"234\" height=\"148\" srcset=\"https:\/\/www.maisbn.com\/portal\/wp-content\/uploads\/2014\/04\/tadeu.jpg 650w, https:\/\/www.maisbn.com\/portal\/wp-content\/uploads\/2014\/04\/tadeu-552x350.jpg 552w\" sizes=\"auto, (max-width: 234px) 100vw, 234px\" \/><\/a>iniciativa e aos demais vereadores por apoiarem e participarem na organiza\u00e7\u00e3o da audi\u00eancia e a todas as pessoas que compareceram para cobrar seus direitos e conhecer o posicionamento da empresa diante dos problemas. Al\u00e9m de cobra melhorias em todo sistema de fornecimento de energia el\u00e9trica, o Capit\u00e3o Tadeu tamb\u00e9m solicitou ao Minist\u00e9rio P\u00fablico maior agilidade nos processo contra a Coelba.<\/p>\n<p><a href=\"http:\/\/www.maisbn.com\/portal\/wp-content\/uploads\/2014\/04\/promotora.jpg\"><img loading=\"lazy\" decoding=\"async\" class=\"alignleft  wp-image-4899\" alt=\"promotora\" src=\"http:\/\/www.maisbn.com\/portal\/wp-content\/uploads\/2014\/04\/promotora.jpg\" width=\"234\" height=\"148\" srcset=\"https:\/\/www.maisbn.com\/portal\/wp-content\/uploads\/2014\/04\/promotora.jpg 650w, https:\/\/www.maisbn.com\/portal\/wp-content\/uploads\/2014\/04\/promotora-552x350.jpg 552w\" sizes=\"auto, (max-width: 234px) 100vw, 234px\" \/><\/a>A promotora Dr. Let\u00edcia fez v\u00e1rios questionamentos aos representantes da Coelba e cobrou mais empenho e responsabilidade nos servi\u00e7os prestados pela empresa e refor\u00e7ou a reivindica\u00e7\u00e3o feita pelos vereadores Carlos Aguiar (Santa Maria Eterna) e Alvino Matos (Boca do c\u00f3rrego) que \u00e9 a implanta\u00e7\u00e3o de postos de atendimento para atender a regi\u00e3o.<\/p>\n<p>A comiss\u00e3o da Coelba composta pelos senhores Joel Louis Morra (gerente de opera\u00e7\u00f5es), Kl\u00e9ber D\u00f3rea, Andrette Sabino, Anderson Monteiro, Paulo Vieira, Maur\u00edcio Zoia e J\u00falio Delazari apresentou o cronograma de servi\u00e7os <a href=\"http:\/\/www.maisbn.com\/portal\/wp-content\/uploads\/2014\/04\/coelba.jpg\"><img loading=\"lazy\" decoding=\"async\" class=\"alignright  wp-image-4900\" alt=\"coelba\" src=\"http:\/\/www.maisbn.com\/portal\/wp-content\/uploads\/2014\/04\/coelba.jpg\" width=\"234\" height=\"148\" srcset=\"https:\/\/www.maisbn.com\/portal\/wp-content\/uploads\/2014\/04\/coelba.jpg 650w, https:\/\/www.maisbn.com\/portal\/wp-content\/uploads\/2014\/04\/coelba-552x350.jpg 552w\" sizes=\"auto, (max-width: 234px) 100vw, 234px\" \/><\/a>que est\u00e3o sendo executados pela empresa com base em estudos feitos por t\u00e9cnicos, por\u00e9m s\u00e3o melhorias que surtir\u00e3o efeitos em longo prazo, mas espera que muito em breve tudo esteja resolvido. Aproveitando a ocasi\u00e3o foram apresentados alguns projetos sociais realizados e mantidos pela empresa al\u00e9m de passar algumas orienta\u00e7\u00f5es de como agir e o que fazer quando acontecer algum problema relacionado ao fornecimento de energia e prometeu ainda a visita de uma unidade m\u00f3vel para melhorar e agilizar o atendimento na cidade.<\/p>\n","protected":false},"excerpt":{"rendered":"<p>Na \u00faltima sexta-feira (11\/04) reuniram-se com representantes da Coelba na sede da C\u00e2mara Municipal de Vereadores de Belmonte v\u00e1rias autoridades dentre elas a promotora da cidade Dr. Let\u00edcia Campos Baird, o Deputado Estadual Capit\u00e3o Tadeu que \u00e9 Coordenador da Subcomiss\u00e3o de seguran\u00e7a P\u00fablica e defesa civil da Bahia, a Vice-prefeita Carla Xavier, o Secret\u00e1rio de [&hellip;]<\/p>\n","protected":false},"author":1,"featured_media":4897,"comment_status":"closed","ping_status":"open","sticky":false,"template":"","format":"standard","meta":{"footnotes":""},"categories":[45,1],"tags":[506,505],"class_list":["post-4896","post","type-post","status-publish","format-standard","has-post-thumbnail","hentry","category-cidades","category-noticias","tag-audiencia","tag-coelba"],"_links":{"self":[{"href":"https:\/\/www.maisbn.com\/portal\/wp-json\/wp\/v2\/posts\/4896","targetHints":{"allow":["GET"]}}],"collection":[{"href":"https:\/\/www.maisbn.com\/portal\/wp-json\/wp\/v2\/posts"}],"about":[{"href":"https:\/\/www.maisbn.com\/portal\/wp-json\/wp\/v2\/types\/post"}],"author":[{"embeddable":true,"href":"https:\/\/www.maisbn.com\/portal\/wp-json\/wp\/v2\/users\/1"}],"replies":[{"embeddable":true,"href":"https:\/\/www.maisbn.com\/portal\/wp-json\/wp\/v2\/comments?post=4896"}],"version-history":[{"count":0,"href":"https:\/\/www.maisbn.com\/portal\/wp-json\/wp\/v2\/posts\/4896\/revisions"}],"wp:featuredmedia":[{"embeddable":true,"href":"https:\/\/www.maisbn.com\/portal\/wp-json\/wp\/v2\/media\/4897"}],"wp:attachment":[{"href":"https:\/\/www.maisbn.com\/portal\/wp-json\/wp\/v2\/media?parent=4896"}],"wp:term":[{"taxonomy":"category","embeddable":true,"href":"https:\/\/www.maisbn.com\/portal\/wp-json\/wp\/v2\/categories?post=4896"},{"taxonomy":"post_tag","embeddable":true,"href":"https:\/\/www.maisbn.com\/portal\/wp-json\/wp\/v2\/tags?post=4896"}],"curies":[{"name":"wp","href":"https:\/\/api.w.org\/{rel}","templated":true}]}}