{"id":4860,"date":"2014-04-10T19:02:52","date_gmt":"2014-04-10T22:02:52","guid":{"rendered":"http:\/\/www.maisbn.com\/portal\/?p=4860"},"modified":"2014-04-11T10:55:12","modified_gmt":"2014-04-11T13:55:12","slug":"camara-de-vereadores-realiza-audiencia-publica-para-debater-os-pessimos-servicos-da-embasa-em-belmonte","status":"publish","type":"post","link":"https:\/\/www.maisbn.com\/portal\/2014\/04\/camara-de-vereadores-realiza-audiencia-publica-para-debater-os-pessimos-servicos-da-embasa-em-belmonte\/","title":{"rendered":"C\u00e2mara de Vereadores realiza Audi\u00eancia P\u00fablica para debater os p\u00e9ssimos servi\u00e7os da COELBA em Belmonte."},"content":{"rendered":"<p><a href=\"http:\/\/www.maisbn.com\/portal\/wp-content\/uploads\/2014\/04\/audienciapublicabelmonte.jpg\"><img loading=\"lazy\" decoding=\"async\" class=\"aligncenter  wp-image-4861\" alt=\"audienciapublicabelmonte\" src=\"http:\/\/www.maisbn.com\/portal\/wp-content\/uploads\/2014\/04\/audienciapublicabelmonte.jpg\" width=\"510\" height=\"301\" \/><\/a><\/p>\n<p>O vereador F\u00e1bio Carvalho, juntamente com os demais vereadores, convida toda a comunidade belmontense para participar da audi\u00eancia p\u00fablica que tratar\u00e1 dos p\u00e9ssimos servi\u00e7os prestados pela COELBA na cidade.<\/p>\n<p>O vereador ficou sensibilizado com as diversas reclama\u00e7\u00f5es da popula\u00e7\u00e3o que sofre com os apag\u00f5es, quedas de energia e queimas de aparelhos dom\u00e9sticos. Os moradores ainda sofrem quando v\u00e3o procurar a empresa que burocratiza a solu\u00e7\u00e3o dificultando ao m\u00e1ximo o pagamento dos preju\u00edzos.<\/p>\n<p>A audi\u00eancia ser\u00e1 realizada na C\u00e2mara de Vereadores nessa sexta-feira (11\/04) \u00e0s 08:30 Hrs da manh\u00e3 e contar\u00e1 com a presen\u00e7a dos demais vereadores, do deputado Capit\u00e3o Tadeu, representantes da COELBA, empres\u00e1rios, comerciantes, autoridades e diversos seguimentos da comunidade.<\/p>\n<p>&nbsp;<\/p>\n","protected":false},"excerpt":{"rendered":"<p>O vereador F\u00e1bio Carvalho, juntamente com os demais vereadores, convida toda a comunidade belmontense para participar da audi\u00eancia p\u00fablica que tratar\u00e1 dos p\u00e9ssimos servi\u00e7os prestados pela COELBA na cidade. O vereador ficou sensibilizado com as diversas reclama\u00e7\u00f5es da popula\u00e7\u00e3o que sofre com os apag\u00f5es, quedas de energia e queimas de aparelhos dom\u00e9sticos. Os moradores ainda [&hellip;]<\/p>\n","protected":false},"author":7,"featured_media":0,"comment_status":"closed","ping_status":"open","sticky":false,"template":"","format":"standard","meta":{"footnotes":""},"categories":[1,7],"tags":[108,44,208],"class_list":["post-4860","post","type-post","status-publish","format-standard","hentry","category-noticias","category-politica","tag-belmonte","tag-belmonte-ba","tag-camara-de-vereadores-de-belmonte"],"_links":{"self":[{"href":"https:\/\/www.maisbn.com\/portal\/wp-json\/wp\/v2\/posts\/4860","targetHints":{"allow":["GET"]}}],"collection":[{"href":"https:\/\/www.maisbn.com\/portal\/wp-json\/wp\/v2\/posts"}],"about":[{"href":"https:\/\/www.maisbn.com\/portal\/wp-json\/wp\/v2\/types\/post"}],"author":[{"embeddable":true,"href":"https:\/\/www.maisbn.com\/portal\/wp-json\/wp\/v2\/users\/7"}],"replies":[{"embeddable":true,"href":"https:\/\/www.maisbn.com\/portal\/wp-json\/wp\/v2\/comments?post=4860"}],"version-history":[{"count":0,"href":"https:\/\/www.maisbn.com\/portal\/wp-json\/wp\/v2\/posts\/4860\/revisions"}],"wp:attachment":[{"href":"https:\/\/www.maisbn.com\/portal\/wp-json\/wp\/v2\/media?parent=4860"}],"wp:term":[{"taxonomy":"category","embeddable":true,"href":"https:\/\/www.maisbn.com\/portal\/wp-json\/wp\/v2\/categories?post=4860"},{"taxonomy":"post_tag","embeddable":true,"href":"https:\/\/www.maisbn.com\/portal\/wp-json\/wp\/v2\/tags?post=4860"}],"curies":[{"name":"wp","href":"https:\/\/api.w.org\/{rel}","templated":true}]}}