{"id":4817,"date":"2014-04-09T06:28:29","date_gmt":"2014-04-09T09:28:29","guid":{"rendered":"http:\/\/www.maisbn.com\/portal\/?p=4817"},"modified":"2014-04-09T06:28:29","modified_gmt":"2014-04-09T09:28:29","slug":"filarmonica-lyra-popular-lanca-projeto-de-seu-centenario","status":"publish","type":"post","link":"https:\/\/www.maisbn.com\/portal\/2014\/04\/filarmonica-lyra-popular-lanca-projeto-de-seu-centenario\/","title":{"rendered":"Filarm\u00f4nica Lyra Popular lan\u00e7a projeto de seu centen\u00e1rio"},"content":{"rendered":"<p>A Sociedade Filarm\u00f4nica Lyra Popular, no ultimo s\u00e1bado, dia 05 de abril, realizou em sua Sede o lan\u00e7amento do projeto de seu centen\u00e1rio. O evento contou com a presen\u00e7a de pessoas da sociedade civil, autoridades e religiosos para a inaugura\u00e7\u00e3o da logomarca do centen\u00e1rio.<\/p>\n<p><a href=\"http:\/\/www.maisbn.com\/portal\/wp-content\/uploads\/2014\/04\/lyra100anos.jpg\"><img loading=\"lazy\" decoding=\"async\" class=\"size-full wp-image-4818 aligncenter\" alt=\"lyra100anos\" src=\"http:\/\/www.maisbn.com\/portal\/wp-content\/uploads\/2014\/04\/lyra100anos.jpg\" width=\"650\" height=\"412\" srcset=\"https:\/\/www.maisbn.com\/portal\/wp-content\/uploads\/2014\/04\/lyra100anos.jpg 650w, https:\/\/www.maisbn.com\/portal\/wp-content\/uploads\/2014\/04\/lyra100anos-552x350.jpg 552w\" sizes=\"auto, (max-width: 650px) 100vw, 650px\" \/><\/a><\/p>\n<p>A festa marca o inicio das comemora\u00e7\u00f5es do centen\u00e1rio da filarm\u00f4nica que ininterruptamente continua a ministrar aulas e realizar apresenta\u00e7\u00f5es musicais em Belmonte e em toda a Bahia. Neste ano a filarm\u00f4nica realizar\u00e1 v\u00e1rios eventos na cidade e regi\u00e3o, inclusive na capital do estado: concertos sinf\u00f4nicos, festas dan\u00e7antes, a publica\u00e7\u00e3o do livro, contando sua hist\u00f3ria, tendo seu \u00e1pice no I Encontro de Filarm\u00f4nicas da Costa do Descobrimento e na festa de 100 anos de funda\u00e7\u00e3o.<\/p>\n<p>\u00c0 noite, a Lyra percorreu mais uma vez a cidade, em desfile por suas ruas. Chegando a sua Sede, o Mestre de Cerim\u00f4nia, Herculano Assis, conduziu o evento solene presidido por Roberto Rosa Lima &#8211; presidente da entidade- e Maria Bernardete Lemos Silva- Presidente da Comiss\u00e3o Organizadora para o Centen\u00e1rio -, compondo a mesa, Claudio Luiz Teodoro \u2013 Sec. de Educa\u00e7\u00e3o e m\u00fasico-, e por Jo\u00e3o Reis Filho \u2013 maestro da entidade.<\/p>\n<p><a href=\"http:\/\/www.maisbn.com\/portal\/wp-content\/uploads\/2014\/04\/lyra100anos_2.jpg\"><img loading=\"lazy\" decoding=\"async\" class=\"size-full wp-image-4819 aligncenter\" alt=\"lyra100anos_2\" src=\"http:\/\/www.maisbn.com\/portal\/wp-content\/uploads\/2014\/04\/lyra100anos_2.jpg\" width=\"650\" height=\"412\" srcset=\"https:\/\/www.maisbn.com\/portal\/wp-content\/uploads\/2014\/04\/lyra100anos_2.jpg 650w, https:\/\/www.maisbn.com\/portal\/wp-content\/uploads\/2014\/04\/lyra100anos_2-552x350.jpg 552w\" sizes=\"auto, (max-width: 650px) 100vw, 650px\" \/><\/a><\/p>\n<p>Durante o evento, v\u00e1rios representantes da entidade contaram um pouco de sua hist\u00f3ria de vida e da import\u00e2ncia da filarm\u00f4nica na forma\u00e7\u00e3o s\u00f3cio-cultural da comunidade belmontense. O orador, Thiago Peixoto, mostrou a necessidade da colabora\u00e7\u00e3o da comunidade para a realiza\u00e7\u00e3o do centen\u00e1rio. Ap\u00f3s a cerim\u00f4nia os convidados se confraternizaram ao som de Acerola, grande interprete e m\u00fasico de nossa cidade, fazendo um belo voz e viol\u00e3o.<\/p>\n<p>A Filarm\u00f4nica Lyra Popular agradece a todos que prestigiaram o evento e a todos os s\u00f3cios e colaboradores que contribuem na manuten\u00e7\u00e3o desta entidade fazendo desta festa uma celebra\u00e7\u00e3o fraternal da cultura do nosso munic\u00edpio.<\/p>\n<p>&nbsp;<\/p>\n<p>Saiba mais sobre a filarm\u00f4nica no site: WWW.lyrapopular.com<\/p>\n<p>Texto:\u00a0Thiago Peixoto e\u00a0Allan Gabriel A. Araujo<\/p>\n","protected":false},"excerpt":{"rendered":"<p>A Sociedade Filarm\u00f4nica Lyra Popular, no ultimo s\u00e1bado, dia 05 de abril, realizou em sua Sede o lan\u00e7amento do projeto de seu centen\u00e1rio. O evento contou com a presen\u00e7a de pessoas da sociedade civil, autoridades e religiosos para a inaugura\u00e7\u00e3o da logomarca do centen\u00e1rio. A festa marca o inicio das comemora\u00e7\u00f5es do centen\u00e1rio da filarm\u00f4nica [&hellip;]<\/p>\n","protected":false},"author":1,"featured_media":4843,"comment_status":"closed","ping_status":"open","sticky":false,"template":"","format":"standard","meta":{"footnotes":""},"categories":[45,1],"tags":[],"class_list":["post-4817","post","type-post","status-publish","format-standard","has-post-thumbnail","hentry","category-cidades","category-noticias"],"_links":{"self":[{"href":"https:\/\/www.maisbn.com\/portal\/wp-json\/wp\/v2\/posts\/4817","targetHints":{"allow":["GET"]}}],"collection":[{"href":"https:\/\/www.maisbn.com\/portal\/wp-json\/wp\/v2\/posts"}],"about":[{"href":"https:\/\/www.maisbn.com\/portal\/wp-json\/wp\/v2\/types\/post"}],"author":[{"embeddable":true,"href":"https:\/\/www.maisbn.com\/portal\/wp-json\/wp\/v2\/users\/1"}],"replies":[{"embeddable":true,"href":"https:\/\/www.maisbn.com\/portal\/wp-json\/wp\/v2\/comments?post=4817"}],"version-history":[{"count":0,"href":"https:\/\/www.maisbn.com\/portal\/wp-json\/wp\/v2\/posts\/4817\/revisions"}],"wp:featuredmedia":[{"embeddable":true,"href":"https:\/\/www.maisbn.com\/portal\/wp-json\/wp\/v2\/media\/4843"}],"wp:attachment":[{"href":"https:\/\/www.maisbn.com\/portal\/wp-json\/wp\/v2\/media?parent=4817"}],"wp:term":[{"taxonomy":"category","embeddable":true,"href":"https:\/\/www.maisbn.com\/portal\/wp-json\/wp\/v2\/categories?post=4817"},{"taxonomy":"post_tag","embeddable":true,"href":"https:\/\/www.maisbn.com\/portal\/wp-json\/wp\/v2\/tags?post=4817"}],"curies":[{"name":"wp","href":"https:\/\/api.w.org\/{rel}","templated":true}]}}