{"id":4793,"date":"2014-04-03T12:17:05","date_gmt":"2014-04-03T15:17:05","guid":{"rendered":"http:\/\/www.maisbn.com\/portal\/?p=4793"},"modified":"2014-04-03T12:17:05","modified_gmt":"2014-04-03T15:17:05","slug":"pesca-do-camarao-esta-proibida-ate-15-de-maio-em-varios-municipios-baianos","status":"publish","type":"post","link":"https:\/\/www.maisbn.com\/portal\/2014\/04\/pesca-do-camarao-esta-proibida-ate-15-de-maio-em-varios-municipios-baianos\/","title":{"rendered":"Pesca do camar\u00e3o est\u00e1 proibida at\u00e9 15 de maio em v\u00e1rios munic\u00edpios baianos."},"content":{"rendered":"<p><a href=\"http:\/\/www.maisbn.com\/portal\/wp-content\/uploads\/2014\/04\/camarao.jpg\"><img loading=\"lazy\" decoding=\"async\" class=\"aligncenter  wp-image-4794\" alt=\"camarao\" src=\"http:\/\/www.maisbn.com\/portal\/wp-content\/uploads\/2014\/04\/camarao.jpg\" width=\"537\" height=\"484\" srcset=\"https:\/\/www.maisbn.com\/portal\/wp-content\/uploads\/2014\/04\/camarao.jpg 600w, https:\/\/www.maisbn.com\/portal\/wp-content\/uploads\/2014\/04\/camarao-388x350.jpg 388w\" sizes=\"auto, (max-width: 537px) 100vw, 537px\" \/><\/a><\/p>\n<p>O defeso do camar\u00e3o come\u00e7ou na ter\u00e7a-feira (1\u00ba) e se estende at\u00e9 15 de maio em diversos munic\u00edpios, entre eles Porto Seguro, Santa Cruz Cabr\u00e1lia, Belmonte, Alcoba\u00e7a, Caravelas, Nova Vi\u00e7osa e Prado, no Extremo Sul.<\/p>\n<p>O per\u00edodo de defeso \u00e9 fixado pelo Instituto Brasileiro do Meio Ambiente e dos Recursos Naturais Renov\u00e1veis (Ibama), por meio de Instrumento Normativo Publicado no Di\u00e1rio Oficial da Uni\u00e3o. Nesse per\u00edodo, o pescador artesanal fica proibido de exercer suas atividades devido \u00e0 reprodu\u00e7\u00e3o das esp\u00e9cies e recebe parcelas do seguro-desemprego. Para isso, \u00e9 necess\u00e1rio encaminhar a solicita\u00e7\u00e3o do benef\u00edcio.<\/p>\n<p>Para fazer a solicita\u00e7\u00e3o, o trabalhador deve preencher o formul\u00e1rio do seguro-desemprego do pescador artesanal na rede SineBahia ou nas entidades credenciadas pelo MTE.<\/p>\n<p>Os recursos s\u00e3o do Minist\u00e9rio do Trabalho e Emprego (MTE) e a habilita\u00e7\u00e3o no estado \u00e9 de responsabilidade da Secretaria do Trabalho, Emprego, Renda e Esporte (Setre), feita por meio da rede SineBahia. Nos munic\u00edpios onde n\u00e3o existem postos, s\u00e3o deslocados t\u00e9cnicos da secretaria para o atendimento.<\/p>\n<p><strong>Documenta\u00e7\u00e3o<\/strong><\/p>\n<p>Os documentos necess\u00e1rios s\u00e3o carteira de identidade (RG) ou carteira de trabalho (modelo novo), cart\u00e3o de registro do PIS\/Pasep ou Cart\u00e3o Cidad\u00e3o\/Bolsa Fam\u00edlia, cart\u00e3o do CPF, carteira de registro de pesca emitida pela Seap (expedida com, no m\u00ednimo, um ano da data do in\u00edcio do defeso), comprovante de pagamento das contribui\u00e7\u00f5es previdenci\u00e1rias, comprovantes do NIT e de resid\u00eancia em nome pr\u00f3prio ou de familiar.<\/p>\n<p>Ap\u00f3s 30 dias, a primeira de duas parcelas estar\u00e1 dispon\u00edvel nas ag\u00eancias da Caixa Econ\u00f4mica Federal, casas lot\u00e9ricas ou unidades da Caixa Aqui. Para receber o pagamento, no valor de um sal\u00e1rio m\u00ednimo por parcela, \u00e9 preciso apresentar a carteira de identidade e o n\u00famero de inscri\u00e7\u00e3o como Segurado Especial. O seguro-desemprego \u00e9 pago com recursos do Fundo de Amparo ao Trabalhador (FAT).<\/p>\n","protected":false},"excerpt":{"rendered":"<p>O defeso do camar\u00e3o come\u00e7ou na ter\u00e7a-feira (1\u00ba) e se estende at\u00e9 15 de maio em diversos munic\u00edpios, entre eles Porto Seguro, Santa Cruz Cabr\u00e1lia, Belmonte, Alcoba\u00e7a, Caravelas, Nova Vi\u00e7osa e Prado, no Extremo Sul. O per\u00edodo de defeso \u00e9 fixado pelo Instituto Brasileiro do Meio Ambiente e dos Recursos Naturais Renov\u00e1veis (Ibama), por meio [&hellip;]<\/p>\n","protected":false},"author":7,"featured_media":0,"comment_status":"closed","ping_status":"open","sticky":false,"template":"","format":"standard","meta":{"footnotes":""},"categories":[33,1],"tags":[628,108],"class_list":["post-4793","post","type-post","status-publish","format-standard","hentry","category-meio-ambiente","category-noticias","tag-bahia","tag-belmonte"],"_links":{"self":[{"href":"https:\/\/www.maisbn.com\/portal\/wp-json\/wp\/v2\/posts\/4793","targetHints":{"allow":["GET"]}}],"collection":[{"href":"https:\/\/www.maisbn.com\/portal\/wp-json\/wp\/v2\/posts"}],"about":[{"href":"https:\/\/www.maisbn.com\/portal\/wp-json\/wp\/v2\/types\/post"}],"author":[{"embeddable":true,"href":"https:\/\/www.maisbn.com\/portal\/wp-json\/wp\/v2\/users\/7"}],"replies":[{"embeddable":true,"href":"https:\/\/www.maisbn.com\/portal\/wp-json\/wp\/v2\/comments?post=4793"}],"version-history":[{"count":0,"href":"https:\/\/www.maisbn.com\/portal\/wp-json\/wp\/v2\/posts\/4793\/revisions"}],"wp:attachment":[{"href":"https:\/\/www.maisbn.com\/portal\/wp-json\/wp\/v2\/media?parent=4793"}],"wp:term":[{"taxonomy":"category","embeddable":true,"href":"https:\/\/www.maisbn.com\/portal\/wp-json\/wp\/v2\/categories?post=4793"},{"taxonomy":"post_tag","embeddable":true,"href":"https:\/\/www.maisbn.com\/portal\/wp-json\/wp\/v2\/tags?post=4793"}],"curies":[{"name":"wp","href":"https:\/\/api.w.org\/{rel}","templated":true}]}}