{"id":4773,"date":"2014-04-02T20:04:27","date_gmt":"2014-04-02T23:04:27","guid":{"rendered":"http:\/\/www.maisbn.com\/portal\/?p=4773"},"modified":"2014-04-02T20:09:04","modified_gmt":"2014-04-02T23:09:04","slug":"prefeitura-de-belmonte-entrega-oculos-para-criancas-da-rede-publica-de-ensino","status":"publish","type":"post","link":"https:\/\/www.maisbn.com\/portal\/2014\/04\/prefeitura-de-belmonte-entrega-oculos-para-criancas-da-rede-publica-de-ensino\/","title":{"rendered":"Prefeitura de Belmonte entrega \u00f3culos para crian\u00e7as da rede p\u00fablica de ensino."},"content":{"rendered":"<p><a href=\"http:\/\/www.maisbn.com\/portal\/wp-content\/uploads\/2014\/04\/entregadosoculos02.jpg\"><img loading=\"lazy\" decoding=\"async\" class=\"alignleft  wp-image-4775\" alt=\"entregadosoculos02\" src=\"http:\/\/www.maisbn.com\/portal\/wp-content\/uploads\/2014\/04\/entregadosoculos02.jpg\" width=\"300\" height=\"251\" \/><\/a>Durante o m\u00eas de novembro de 2013, o Programa Sa\u00fade em Movimento Oftalmologia em Parceria com a Prefeitura Municipal de Belmonte, atrav\u00e9s das Secretarias de Sa\u00fade e Educa\u00e7\u00e3o, realizou exames em alunos da rede escolar do munic\u00edpio. A equipe naquele m\u00eas se concentrou na Funda\u00e7\u00e3o Educacional Pedro Calmon, onde atendeu alunos da sede, Barrol\u00e2ndia, Santa Maria Eterna e Boca do C\u00f3rrego,<\/p>\n<p>Nesta quarta-feira (02\/04) a Prefeitura Municipal de Belmonte, dando continuidade ao programa, entregou 276 \u00f3culos para as crian\u00e7as examinadas na primeira etapa. A entrega aconteceu na C\u00e2mara de Vereadores de Belmonte e na Escola ACM em Barrol\u00e2ndia e contou com a presen\u00e7a da Prefeita Alice Maria <span style=\"mso-spacerun: yes;\">\u00a0<\/span>Britto das equipes da Secretaria de Sa\u00fade que atuam em 42 unidades escolares pactuadas, da Secret\u00e1ria de Sa\u00fade Ana Marcia, do Secretario de Educa\u00e7\u00e3o Claudio Teodoro, dos vereadores; Edalvo Matos, Carlinhos, Calango e Daco, al\u00e9m dos diretores das escolas contempladas e os pais das crian\u00e7as.<\/p>\n<p><a href=\"http:\/\/www.maisbn.com\/portal\/wp-content\/uploads\/2014\/04\/entregadosoculos03.jpg\"><img loading=\"lazy\" decoding=\"async\" class=\"wp-image-4776 alignright\" alt=\"GEDSC DIGITAL CAMERA\" src=\"http:\/\/www.maisbn.com\/portal\/wp-content\/uploads\/2014\/04\/entregadosoculos03.jpg\" width=\"300\" height=\"251\" \/><\/a>A prefeita Alice Maria se mostrou muito feliz com o resultado do programa e comentou \u00e0 nossa reportagem que essa \u00e9 apenas uma das diversas a\u00e7\u00f5es de melhorias na sa\u00fade e na educa\u00e7\u00e3o. &#8220;\u00c9 isso que d\u00e1 satisfa\u00e7\u00e3o. Eu gosto de ver o sorriso das pessoas e sentir que eu estou cumprindo o meu dever como gestora.&#8221; Comentou a prefeita Alice Maria.<\/p>\n<p>O\u00a0 Programa Sa\u00fade em Movimento Oftalmologia, \u00e9 um projeto desenvolvido pela Secretaria de Sa\u00fade em parceria com a Secretaria de Educa\u00e7\u00e3o e visa ofertar preven\u00e7\u00e3o de doen\u00e7as na vis\u00e3o das crian\u00e7as que est\u00e3o estudando, atrav\u00e9s de consulta com oftalmologista onde os mesmos s\u00e3o beneficiados com \u00f3culos. Com isso restabelece<span style=\"mso-spacerun: yes;\">\u00a0 <\/span>a sa\u00fade ocular e <span style=\"mso-spacerun: yes;\">\u00a0<\/span>favorece o aprendizado, reduzindo <span style=\"mso-spacerun: yes;\">\u00a0<\/span>a evas\u00e3o escolar se tornando um incentivo \u00e0 continuidade dos estudos.<\/p>\n<p>&nbsp;<\/p>\n<p>&nbsp;<\/p>\n","protected":false},"excerpt":{"rendered":"<p>Durante o m\u00eas de novembro de 2013, o Programa Sa\u00fade em Movimento Oftalmologia em Parceria com a Prefeitura Municipal de Belmonte, atrav\u00e9s das Secretarias de Sa\u00fade e Educa\u00e7\u00e3o, realizou exames em alunos da rede escolar do munic\u00edpio. A equipe naquele m\u00eas se concentrou na Funda\u00e7\u00e3o Educacional Pedro Calmon, onde atendeu alunos da sede, Barrol\u00e2ndia, Santa [&hellip;]<\/p>\n","protected":false},"author":7,"featured_media":0,"comment_status":"closed","ping_status":"open","sticky":false,"template":"","format":"standard","meta":{"footnotes":""},"categories":[8,1],"tags":[501,332,502],"class_list":["post-4773","post","type-post","status-publish","format-standard","hentry","category-educacao","category-noticias","tag-prefeita-alice-maria-britto","tag-prefeitura-municipal-de-belmonte","tag-saude-na-escola"],"_links":{"self":[{"href":"https:\/\/www.maisbn.com\/portal\/wp-json\/wp\/v2\/posts\/4773","targetHints":{"allow":["GET"]}}],"collection":[{"href":"https:\/\/www.maisbn.com\/portal\/wp-json\/wp\/v2\/posts"}],"about":[{"href":"https:\/\/www.maisbn.com\/portal\/wp-json\/wp\/v2\/types\/post"}],"author":[{"embeddable":true,"href":"https:\/\/www.maisbn.com\/portal\/wp-json\/wp\/v2\/users\/7"}],"replies":[{"embeddable":true,"href":"https:\/\/www.maisbn.com\/portal\/wp-json\/wp\/v2\/comments?post=4773"}],"version-history":[{"count":0,"href":"https:\/\/www.maisbn.com\/portal\/wp-json\/wp\/v2\/posts\/4773\/revisions"}],"wp:attachment":[{"href":"https:\/\/www.maisbn.com\/portal\/wp-json\/wp\/v2\/media?parent=4773"}],"wp:term":[{"taxonomy":"category","embeddable":true,"href":"https:\/\/www.maisbn.com\/portal\/wp-json\/wp\/v2\/categories?post=4773"},{"taxonomy":"post_tag","embeddable":true,"href":"https:\/\/www.maisbn.com\/portal\/wp-json\/wp\/v2\/tags?post=4773"}],"curies":[{"name":"wp","href":"https:\/\/api.w.org\/{rel}","templated":true}]}}