{"id":4687,"date":"2014-03-17T20:52:05","date_gmt":"2014-03-17T23:52:05","guid":{"rendered":"http:\/\/www.maisbn.com\/portal\/?p=4687"},"modified":"2014-03-17T20:52:05","modified_gmt":"2014-03-17T23:52:05","slug":"morre-uma-das-vitimas-do-acidente-que-aconteceu-no-ultimo-domingo-na-ba-001-em-belmonte","status":"publish","type":"post","link":"https:\/\/www.maisbn.com\/portal\/2014\/03\/morre-uma-das-vitimas-do-acidente-que-aconteceu-no-ultimo-domingo-na-ba-001-em-belmonte\/","title":{"rendered":"Morre uma das v\u00edtimas do acidente que aconteceu no \u00faltimo domingo na BA-001 em Belmonte."},"content":{"rendered":"<p>Um dos cinco ocupantes do Fiat Uno que capotou no \u00faltimo domingo na BA-001 pr\u00f3ximo a Belmonte, o Sr. C\u00e9sar Ant\u00f4nio Villas Boas de Almeida de 56 anos veio a \u00f3bito no mesmo dia enquanto era transferido pela ambul\u00e2ncia do SAMU do Hospital de Belmonte para o Hospital Luiz Eduardo em Porto Seguro.<\/p>\n<p><a href=\"http:\/\/www.maisbn.com\/portal\/wp-content\/uploads\/2014\/03\/servidor_d.jpg\"><img loading=\"lazy\" decoding=\"async\" class=\"size-full wp-image-4688 aligncenter\" alt=\"servidor_d\" src=\"http:\/\/www.maisbn.com\/portal\/wp-content\/uploads\/2014\/03\/servidor_d.jpg\" width=\"640\" height=\"250\" \/><\/a><\/p>\n<p>Segundo informa\u00e7\u00f5es C\u00e9sar era servidor p\u00fablico do munic\u00edpio de Eun\u00e1polis e prestava servi\u00e7o no Juizado Especial C\u00edvel h\u00e1 12 anos.<\/p>\n<p>O corpo de C\u00e9sar foi liberado pelo IML de Porto Seguro hoje (17\/03) por volta das 14 horas e desde as 15 est\u00e1 sendo velado na Sede da OAB no Bairro Dinah Borges em Eun\u00e1polis. O sepultamento est\u00e1 marcado para as 10 horas de amanh\u00e3 (18\/03), no Cemit\u00e9rio da Consola\u00e7\u00e3o que fica localizado na Rua da Consola\u00e7\u00e3o no Bairro Pequi.<\/p>\n<p>A esposa de C\u00e9sar Villas Boas, Ione Cl\u00eania Batista, 45 anos, tamb\u00e9m foi transferida na ambul\u00e2ncia do SAMU do Hospital de Belmonte para o hospital Luis Eduardo onde encontra-se internada em estado grave. Segundo informa\u00e7\u00f5es Ione fraturou tr\u00eas costelas, a bacia, teve perfura\u00e7\u00f5es no pulm\u00e3o e um corte na cabe\u00e7a.<\/p>\n<p>O motorista e os outros dois ocupantes do ve\u00edculo encontram-se internados no hospital de Belmonte e segundo informa\u00e7\u00f5es n\u00e3o correm risco de morte.<\/p>\n","protected":false},"excerpt":{"rendered":"<p>Um dos cinco ocupantes do Fiat Uno que capotou no \u00faltimo domingo na BA-001 pr\u00f3ximo a Belmonte, o Sr. C\u00e9sar Ant\u00f4nio Villas Boas de Almeida de 56 anos veio a \u00f3bito no mesmo dia enquanto era transferido pela ambul\u00e2ncia do SAMU do Hospital de Belmonte para o Hospital Luiz Eduardo em Porto Seguro. Segundo informa\u00e7\u00f5es [&hellip;]<\/p>\n","protected":false},"author":1,"featured_media":4688,"comment_status":"closed","ping_status":"open","sticky":false,"template":"","format":"standard","meta":{"footnotes":""},"categories":[198,1],"tags":[638,497,44,101],"class_list":["post-4687","post","type-post","status-publish","format-standard","has-post-thumbnail","hentry","category-acidente","category-noticias","tag-acidente","tag-ba-001","tag-belmonte-ba","tag-belmonte-bahia-2"],"_links":{"self":[{"href":"https:\/\/www.maisbn.com\/portal\/wp-json\/wp\/v2\/posts\/4687","targetHints":{"allow":["GET"]}}],"collection":[{"href":"https:\/\/www.maisbn.com\/portal\/wp-json\/wp\/v2\/posts"}],"about":[{"href":"https:\/\/www.maisbn.com\/portal\/wp-json\/wp\/v2\/types\/post"}],"author":[{"embeddable":true,"href":"https:\/\/www.maisbn.com\/portal\/wp-json\/wp\/v2\/users\/1"}],"replies":[{"embeddable":true,"href":"https:\/\/www.maisbn.com\/portal\/wp-json\/wp\/v2\/comments?post=4687"}],"version-history":[{"count":0,"href":"https:\/\/www.maisbn.com\/portal\/wp-json\/wp\/v2\/posts\/4687\/revisions"}],"wp:featuredmedia":[{"embeddable":true,"href":"https:\/\/www.maisbn.com\/portal\/wp-json\/wp\/v2\/media\/4688"}],"wp:attachment":[{"href":"https:\/\/www.maisbn.com\/portal\/wp-json\/wp\/v2\/media?parent=4687"}],"wp:term":[{"taxonomy":"category","embeddable":true,"href":"https:\/\/www.maisbn.com\/portal\/wp-json\/wp\/v2\/categories?post=4687"},{"taxonomy":"post_tag","embeddable":true,"href":"https:\/\/www.maisbn.com\/portal\/wp-json\/wp\/v2\/tags?post=4687"}],"curies":[{"name":"wp","href":"https:\/\/api.w.org\/{rel}","templated":true}]}}