{"id":4640,"date":"2014-03-07T20:02:51","date_gmt":"2014-03-07T23:02:51","guid":{"rendered":"http:\/\/www.maisbn.com\/portal\/?p=4640"},"modified":"2014-03-07T20:02:51","modified_gmt":"2014-03-07T23:02:51","slug":"policia-prende-acusado-de-assassinato-na-passarela-do-alcool","status":"publish","type":"post","link":"https:\/\/www.maisbn.com\/portal\/2014\/03\/policia-prende-acusado-de-assassinato-na-passarela-do-alcool\/","title":{"rendered":"Policia prende acusado de assassinato na Passarela do \u00c1lcool."},"content":{"rendered":"<p><a href=\"http:\/\/www.maisbn.com\/portal\/wp-content\/uploads\/2014\/03\/assassinoporto1.jpg\"><img loading=\"lazy\" decoding=\"async\" class=\"alignleft  wp-image-4642\" alt=\"assassinoporto1\" src=\"http:\/\/www.maisbn.com\/portal\/wp-content\/uploads\/2014\/03\/assassinoporto1.jpg\" width=\"275\" height=\"265\" \/><\/a>A Pol\u00edcia Civil de Porto Seguro prendeu o homem que matou uma pessoa e deixou outras duas feridas na Passarela do \u00c1lcool, no centro da cidade. Silas Teles da Costa, 41 anos, foi morto a tiros, por volta das 4h da madrugada desta sexta-feira (7), no circuito do carnaval prolongado.<\/p>\n<p>Uma mulher de 38 anos e uma crian\u00e7a de 11 foram atingidas por bala perdida nas n\u00e1degas e perna, respectivamente. Os dois receberam atendimento no Hospital Luis Eduardo Magalh\u00e3es e j\u00e1 foram liberados.<\/p>\n<p>Pouco tempo depois do crime um investigador da Pol\u00edcia Civil, com base em den\u00fancia de testemunhas, prendeu, na \u00e1rea da festa, Marcelo Soares Azevedo, 19 anos.<\/p>\n<p>Segundo o delegado titular de Porto Seguro, Delmar Bittencourt, foi apreendida com Marcelo uma pistola Ponto45 &#8211; arma que ele confessou ter usado no assassinato de Silas.<\/p>\n<p><a href=\"http:\/\/www.maisbn.com\/portal\/wp-content\/uploads\/2014\/03\/assassinoporto2.jpg\"><img loading=\"lazy\" decoding=\"async\" class=\"alignright  wp-image-4643\" alt=\"assassinoporto2\" src=\"http:\/\/www.maisbn.com\/portal\/wp-content\/uploads\/2014\/03\/assassinoporto2.jpg\" width=\"322\" height=\"241\" \/><\/a>Ainda conforme o delegado, Marcelo j\u00e1 tinha passagem pela pol\u00edcia e estava sendo procurado por assaltos na cidade. &#8216;A gente j\u00e1 tinha identificado Marcelo pela participa\u00e7\u00e3o nos assaltos a uma loja da Vivo, a uma sorveteria e a um restaurante, no centro. J\u00e1 t\u00ednhamos representado por sua pris\u00e3o preventiva e agora ele tamb\u00e9m confessou esses roubos&#8217;, salientou o delegado.<\/p>\n<p>Conforme Delmar, a pistola apreendida com Marcelo \u00e9 similar a uma das armas utilizadas em uma chacina no bairro Paraguai, em novembro do ano passado, na qual tr\u00eas pessoas foram mortas e outras ficaram feridas. Marcelo nega envolvimento na chacina.<\/p>\n<p>Delmar Bittencourt falou ainda que j\u00e1 tem a prov\u00e1vel motiva\u00e7\u00e3o do atentado na Passarela do \u00c1lcool, informa\u00e7\u00e3o que deve ser divulgado ainda esta tarde. Silas n\u00e3o tinha passagem pela pol\u00edcia e morava no bairro Campinho. Marcelo \u00e9 do Baian\u00e3o.<\/p>\n<p>&nbsp;<\/p>\n","protected":false},"excerpt":{"rendered":"<p>A Pol\u00edcia Civil de Porto Seguro prendeu o homem que matou uma pessoa e deixou outras duas feridas na Passarela do \u00c1lcool, no centro da cidade. Silas Teles da Costa, 41 anos, foi morto a tiros, por volta das 4h da madrugada desta sexta-feira (7), no circuito do carnaval prolongado. Uma mulher de 38 anos [&hellip;]<\/p>\n","protected":false},"author":7,"featured_media":0,"comment_status":"closed","ping_status":"open","sticky":false,"template":"","format":"standard","meta":{"footnotes":""},"categories":[1,16],"tags":[493,492,178],"class_list":["post-4640","post","type-post","status-publish","format-standard","hentry","category-noticias","category-policial","tag-carnaporto-2014","tag-carnaval-porto-seguro-2014","tag-porto-seguro"],"_links":{"self":[{"href":"https:\/\/www.maisbn.com\/portal\/wp-json\/wp\/v2\/posts\/4640","targetHints":{"allow":["GET"]}}],"collection":[{"href":"https:\/\/www.maisbn.com\/portal\/wp-json\/wp\/v2\/posts"}],"about":[{"href":"https:\/\/www.maisbn.com\/portal\/wp-json\/wp\/v2\/types\/post"}],"author":[{"embeddable":true,"href":"https:\/\/www.maisbn.com\/portal\/wp-json\/wp\/v2\/users\/7"}],"replies":[{"embeddable":true,"href":"https:\/\/www.maisbn.com\/portal\/wp-json\/wp\/v2\/comments?post=4640"}],"version-history":[{"count":0,"href":"https:\/\/www.maisbn.com\/portal\/wp-json\/wp\/v2\/posts\/4640\/revisions"}],"wp:attachment":[{"href":"https:\/\/www.maisbn.com\/portal\/wp-json\/wp\/v2\/media?parent=4640"}],"wp:term":[{"taxonomy":"category","embeddable":true,"href":"https:\/\/www.maisbn.com\/portal\/wp-json\/wp\/v2\/categories?post=4640"},{"taxonomy":"post_tag","embeddable":true,"href":"https:\/\/www.maisbn.com\/portal\/wp-json\/wp\/v2\/tags?post=4640"}],"curies":[{"name":"wp","href":"https:\/\/api.w.org\/{rel}","templated":true}]}}