{"id":4599,"date":"2014-03-04T12:13:25","date_gmt":"2014-03-04T15:13:25","guid":{"rendered":"http:\/\/www.maisbn.com\/portal\/?p=4599"},"modified":"2014-03-04T12:13:25","modified_gmt":"2014-03-04T15:13:25","slug":"menor-de-15-anos-morre-depois-de-receber-um-golpe-de-faca-no-circuito-da-folia-em-belmonte","status":"publish","type":"post","link":"https:\/\/www.maisbn.com\/portal\/2014\/03\/menor-de-15-anos-morre-depois-de-receber-um-golpe-de-faca-no-circuito-da-folia-em-belmonte\/","title":{"rendered":"Menor de 15 anos morre depois de receber um golpe de faca no circuito da folia em Belmonte."},"content":{"rendered":"<p>Infelizmente, depois de v\u00e1rios anos sem acontecimentos violentos, o carnaval de Belmonte deixa o seu primeiro saldo negativo. Estamos falando do homic\u00eddio ocorrido ontem no circuito da folia na rua ao lado do Restaurante O A\u00e7ougue, pr\u00f3ximo \u00e0 Avenida Riomar. A v\u00edtima foi um menor de 15 anos de iniciais M. S. S.<\/p>\n<p>O fato aconteceu por volta de uma hora depois do arrast\u00e3o que o trio faz todo ano trazendo uma multid\u00e3o da Praia do Mar Moreno ao centro da cidade. As informa\u00e7\u00f5es constam que houve uma briga entre jovens na localidade citada e o agressor, que segundo informa\u00e7\u00f5es, tamb\u00e9m \u00e9 menor, desferiu um golpe de faca na regi\u00e3o do t\u00f3rax da v\u00edtima.<\/p>\n<p>O SAMU foi chamado para socorrer a v\u00edtima que foi em estado grave para o Hospital Dr. Jos\u00e9 da Costa Pinto Dantas e depois transferido para Porto Seguro aonde veio a \u00f3bito.<\/p>\n<p>Nossa equipe apurou que o incidente foi um fato isolado e n\u00e3o se pode dizer que o carnaval de Belmonte est\u00e1 violento. O policiamento segue refor\u00e7ado durante toda a festa e o comando da Policia Militar na cidade informou que n\u00e3o h\u00e1 motivo de medo para os turistas e os nativos de Belmonte.<\/p>\n","protected":false},"excerpt":{"rendered":"<p>Infelizmente, depois de v\u00e1rios anos sem acontecimentos violentos, o carnaval de Belmonte deixa o seu primeiro saldo negativo. Estamos falando do homic\u00eddio ocorrido ontem no circuito da folia na rua ao lado do Restaurante O A\u00e7ougue, pr\u00f3ximo \u00e0 Avenida Riomar. A v\u00edtima foi um menor de 15 anos de iniciais M. S. S. O fato [&hellip;]<\/p>\n","protected":false},"author":7,"featured_media":0,"comment_status":"closed","ping_status":"open","sticky":false,"template":"","format":"standard","meta":{"footnotes":""},"categories":[99,1],"tags":[108,473,489],"class_list":["post-4599","post","type-post","status-publish","format-standard","hentry","category-justica","category-noticias","tag-belmonte","tag-carnaval-2014-em-belmonte","tag-carnaval-em-belmonte"],"_links":{"self":[{"href":"https:\/\/www.maisbn.com\/portal\/wp-json\/wp\/v2\/posts\/4599","targetHints":{"allow":["GET"]}}],"collection":[{"href":"https:\/\/www.maisbn.com\/portal\/wp-json\/wp\/v2\/posts"}],"about":[{"href":"https:\/\/www.maisbn.com\/portal\/wp-json\/wp\/v2\/types\/post"}],"author":[{"embeddable":true,"href":"https:\/\/www.maisbn.com\/portal\/wp-json\/wp\/v2\/users\/7"}],"replies":[{"embeddable":true,"href":"https:\/\/www.maisbn.com\/portal\/wp-json\/wp\/v2\/comments?post=4599"}],"version-history":[{"count":0,"href":"https:\/\/www.maisbn.com\/portal\/wp-json\/wp\/v2\/posts\/4599\/revisions"}],"wp:attachment":[{"href":"https:\/\/www.maisbn.com\/portal\/wp-json\/wp\/v2\/media?parent=4599"}],"wp:term":[{"taxonomy":"category","embeddable":true,"href":"https:\/\/www.maisbn.com\/portal\/wp-json\/wp\/v2\/categories?post=4599"},{"taxonomy":"post_tag","embeddable":true,"href":"https:\/\/www.maisbn.com\/portal\/wp-json\/wp\/v2\/tags?post=4599"}],"curies":[{"name":"wp","href":"https:\/\/api.w.org\/{rel}","templated":true}]}}