{"id":4465,"date":"2014-02-25T12:04:29","date_gmt":"2014-02-25T15:04:29","guid":{"rendered":"http:\/\/www.maisbn.com\/portal\/?p=4465"},"modified":"2014-03-01T11:24:40","modified_gmt":"2014-03-01T14:24:40","slug":"mp-ba-convida-comunidade-para-discutir-acoes-para-o-carnaval-2014-em-belmonte","status":"publish","type":"post","link":"https:\/\/www.maisbn.com\/portal\/2014\/02\/mp-ba-convida-comunidade-para-discutir-acoes-para-o-carnaval-2014-em-belmonte\/","title":{"rendered":"MP-BA convida comunidade para discutir a\u00e7\u00f5es para o Carnaval 2014 em Belmonte."},"content":{"rendered":"<p><a href=\"http:\/\/www.maisbn.com\/portal\/wp-content\/uploads\/2014\/02\/logo_mp.jpg\"><img loading=\"lazy\" decoding=\"async\" class=\"wp-image-4466 aligncenter\" alt=\"logo_mp\" src=\"http:\/\/www.maisbn.com\/portal\/wp-content\/uploads\/2014\/02\/logo_mp.jpg\" width=\"391\" height=\"222\" \/><\/a><\/p>\n<p>A Promotora de Justi\u00e7a da Comarca de Belomonte &#8211; Bahia, a Dr\u00aa Leticia Campos Baird, convida a sociedade belmontense para participar da reuni\u00e3o, na data do dia 26\/02\/2014, \u00e0s 10:00 Hrs, no sal\u00e3o do juri do F\u00f3rum\u00a0 de Belmonte. A reuni\u00e3o ser\u00e1 para articular junto aos \u00f3rg\u00e3os p\u00fablicos municipais e sociedade civil acerca de medidas a serem adotadas visando o resguardo dos direitos das crian\u00e7as e dos adolescentes, meio ambiente, patrim\u00f4nio p\u00fablico e cultural do municipio de Belmonte, no contexto dos festejos carnavalescos de 2014.<\/p>\n","protected":false},"excerpt":{"rendered":"<p>A Promotora de Justi\u00e7a da Comarca de Belomonte &#8211; Bahia, a Dr\u00aa Leticia Campos Baird, convida a sociedade belmontense para participar da reuni\u00e3o, na data do dia 26\/02\/2014, \u00e0s 10:00 Hrs, no sal\u00e3o do juri do F\u00f3rum\u00a0 de Belmonte. A reuni\u00e3o ser\u00e1 para articular junto aos \u00f3rg\u00e3os p\u00fablicos municipais e sociedade civil acerca de medidas [&hellip;]<\/p>\n","protected":false},"author":7,"featured_media":0,"comment_status":"closed","ping_status":"open","sticky":false,"template":"","format":"standard","meta":{"footnotes":""},"categories":[99,1],"tags":[108,44,482],"class_list":["post-4465","post","type-post","status-publish","format-standard","hentry","category-justica","category-noticias","tag-belmonte","tag-belmonte-ba","tag-ministerio-publico-da-bahia"],"_links":{"self":[{"href":"https:\/\/www.maisbn.com\/portal\/wp-json\/wp\/v2\/posts\/4465","targetHints":{"allow":["GET"]}}],"collection":[{"href":"https:\/\/www.maisbn.com\/portal\/wp-json\/wp\/v2\/posts"}],"about":[{"href":"https:\/\/www.maisbn.com\/portal\/wp-json\/wp\/v2\/types\/post"}],"author":[{"embeddable":true,"href":"https:\/\/www.maisbn.com\/portal\/wp-json\/wp\/v2\/users\/7"}],"replies":[{"embeddable":true,"href":"https:\/\/www.maisbn.com\/portal\/wp-json\/wp\/v2\/comments?post=4465"}],"version-history":[{"count":0,"href":"https:\/\/www.maisbn.com\/portal\/wp-json\/wp\/v2\/posts\/4465\/revisions"}],"wp:attachment":[{"href":"https:\/\/www.maisbn.com\/portal\/wp-json\/wp\/v2\/media?parent=4465"}],"wp:term":[{"taxonomy":"category","embeddable":true,"href":"https:\/\/www.maisbn.com\/portal\/wp-json\/wp\/v2\/categories?post=4465"},{"taxonomy":"post_tag","embeddable":true,"href":"https:\/\/www.maisbn.com\/portal\/wp-json\/wp\/v2\/tags?post=4465"}],"curies":[{"name":"wp","href":"https:\/\/api.w.org\/{rel}","templated":true}]}}