{"id":4458,"date":"2014-02-23T18:43:39","date_gmt":"2014-02-23T21:43:39","guid":{"rendered":"http:\/\/www.maisbn.com\/portal\/?p=4458"},"modified":"2014-02-26T22:14:42","modified_gmt":"2014-02-27T01:14:42","slug":"janival-e-janio-natal-inauguraram-galpao-que-servira-de-ponto-de-apoio-para-os-pequenos-agricultores-do-projeto-piacava-e-regiao","status":"publish","type":"post","link":"https:\/\/www.maisbn.com\/portal\/2014\/02\/janival-e-janio-natal-inauguraram-galpao-que-servira-de-ponto-de-apoio-para-os-pequenos-agricultores-do-projeto-piacava-e-regiao\/","title":{"rendered":"Janival e J\u00e2nio Natal inauguraram galp\u00e3o que servir\u00e1 de ponto de apoio para os pequenos agricultores do projeto pia\u00e7ava e regi\u00e3o."},"content":{"rendered":"<p>No \u00faltimo domingo (23-02) Janival e J\u00e2nio Natal reuniram amigos e convidados para um almo\u00e7o onde foi inaugurado o ponto de apoio para os pequenos produtores da regi\u00e3o. V\u00e1rias fam\u00edlias estiveram presentes assim como lideran\u00e7as pol\u00edticas de Belmonte como os vereadores Aelson (Calango), Carlinhos da Col\u00f4nia, Tiufim e Turista al\u00e9m de outros de Cabr\u00e1lia e Itapebi.<\/p>\n<p><a href=\"http:\/\/www.maisbn.com\/portal\/wp-content\/uploads\/2014\/02\/Eco_Palm_004.jpg\"><img loading=\"lazy\" decoding=\"async\" class=\"size-full wp-image-4459 aligncenter\" alt=\"Eco_Palm_004\" src=\"http:\/\/www.maisbn.com\/portal\/wp-content\/uploads\/2014\/02\/Eco_Palm_004.jpg\" width=\"650\" height=\"412\" srcset=\"https:\/\/www.maisbn.com\/portal\/wp-content\/uploads\/2014\/02\/Eco_Palm_004.jpg 650w, https:\/\/www.maisbn.com\/portal\/wp-content\/uploads\/2014\/02\/Eco_Palm_004-552x350.jpg 552w\" sizes=\"auto, (max-width: 650px) 100vw, 650px\" \/><\/a><\/p>\n<p>O galp\u00e3o que fica na Fazenda Ecopalm localizado entre Petrol\u00e2ndia e Brejinhos na BA-275, foi constru\u00eddo por Janival, com recursos pr\u00f3prios, visando concentrar a produ\u00e7\u00e3o dos pequenos produtores da regi\u00e3o e agregar valor ao produto. A ideia j\u00e1 fazia parte do plano de governo de Janival quando o mesmo foi candidato a Prefeito de Belmonte.<\/p>\n<p><a href=\"http:\/\/www.maisbn.com\/portal\/wp-content\/uploads\/2014\/02\/Eco_Palm_050.jpg\"><img loading=\"lazy\" decoding=\"async\" class=\"alignleft  wp-image-4460\" alt=\"Eco_Palm_050\" src=\"http:\/\/www.maisbn.com\/portal\/wp-content\/uploads\/2014\/02\/Eco_Palm_050.jpg\" width=\"390\" height=\"247\" srcset=\"https:\/\/www.maisbn.com\/portal\/wp-content\/uploads\/2014\/02\/Eco_Palm_050.jpg 650w, https:\/\/www.maisbn.com\/portal\/wp-content\/uploads\/2014\/02\/Eco_Palm_050-552x350.jpg 552w\" sizes=\"auto, (max-width: 390px) 100vw, 390px\" \/><\/a>Segundo Janival este ponto de apoio ser\u00e1 de grande import\u00e2ncia para os pequenos agricultores que antes n\u00e3o podiam vender por um pre\u00e7o maior e mais justo sua produ\u00e7\u00e3o por n\u00e3o produzir sozinhos carga suficiente para viabilizar o pagamento do frete e assim levar o produto at\u00e9 o destino final.<\/p>\n<p>Inicialmente os produtores de maracuj\u00e1 da regi\u00e3o j\u00e1 est\u00e3o sendo beneficiados, pois o projeto de Janival concentrou num s\u00f3 lugar a prepara\u00e7\u00e3o da produ\u00e7\u00e3o para o embarque e com\u00e9rcio barateando e dinamizando a distribui\u00e7\u00e3o. V\u00e1rios caminh\u00f5es j\u00e1 foram carregados de maracuj\u00e1 desde que o ponto de apoio come\u00e7ou a funcionar. Os pequenos produtores est\u00e3o confiantes e apostam que com o aumento do lucro muito em breve a produ\u00e7\u00e3o aumentar\u00e1 e mais m\u00e3o de obra precisar\u00e1 ser contratada gerando emprego na regi\u00e3o.<\/p>\n<p>Janival na oportunidade agradeceu a todos que acreditaram em seu projeto assim como ao Deputado J\u00e2nio Natal por ter conseguido verbas para as associa\u00e7\u00f5es agr\u00edcolas da regi\u00e3o, possibilitado a compra de m\u00e1quinas e equipamentos para atender os pequenos produtores al\u00e9m de ajudar a tirar do papel e tornar realidade na regi\u00e3o o projeto Luz para todos do Governo Federal.<\/p>\n<p><a href=\"http:\/\/www.maisbn.com\/portal\/wp-content\/uploads\/2014\/02\/Eco_Palm_053.jpg\"><img loading=\"lazy\" decoding=\"async\" class=\"size-full wp-image-4461 aligncenter\" alt=\"Eco_Palm_053\" src=\"http:\/\/www.maisbn.com\/portal\/wp-content\/uploads\/2014\/02\/Eco_Palm_053.jpg\" width=\"650\" height=\"412\" srcset=\"https:\/\/www.maisbn.com\/portal\/wp-content\/uploads\/2014\/02\/Eco_Palm_053.jpg 650w, https:\/\/www.maisbn.com\/portal\/wp-content\/uploads\/2014\/02\/Eco_Palm_053-552x350.jpg 552w\" sizes=\"auto, (max-width: 650px) 100vw, 650px\" \/><\/a><\/p>\n<p>Em sua vez, J\u00e2nio parabenizou Janival pela iniciativa e dedica\u00e7\u00e3o, agradeceu a todos pelo carinho e informou que pretende continuar trabalhando pela regi\u00e3o, assim como tem feito nos \u00faltimos anos e por isso sair\u00e1 candidato novamente s\u00f3 que desta vez a Deputado Estadual ao lado de Paulo Solto que sair\u00e1 candidato a governador da Bahia. J\u00e2nio tamb\u00e9m lembrou que uma das maiores conquistas do povo belmontense que foi a estrada asfaltada Belmonte x Cabr\u00e1lia foi conseguida no seu mandato de Deputado Estadual, e que com f\u00e9 em Deus quando for mais uma vez representante na casa legislativa da Bahia, lutar\u00e1 para tornar realidade a estrada Belmonte x Canavieiras.<\/p>\n","protected":false},"excerpt":{"rendered":"<p>No \u00faltimo domingo (23-02) Janival e J\u00e2nio Natal reuniram amigos e convidados para um almo\u00e7o onde foi inaugurado o ponto de apoio para os pequenos produtores da regi\u00e3o. V\u00e1rias fam\u00edlias estiveram presentes assim como lideran\u00e7as pol\u00edticas de Belmonte como os vereadores Aelson (Calango), Carlinhos da Col\u00f4nia, Tiufim e Turista al\u00e9m de outros de Cabr\u00e1lia e [&hellip;]<\/p>\n","protected":false},"author":1,"featured_media":0,"comment_status":"closed","ping_status":"open","sticky":false,"template":"","format":"standard","meta":{"footnotes":""},"categories":[1,7],"tags":[351,148,155,51],"class_list":["post-4458","post","type-post","status-publish","format-standard","hentry","category-noticias","category-politica","tag-deputado-janio-natal","tag-janio-natal","tag-janival","tag-janival-andrade"],"_links":{"self":[{"href":"https:\/\/www.maisbn.com\/portal\/wp-json\/wp\/v2\/posts\/4458","targetHints":{"allow":["GET"]}}],"collection":[{"href":"https:\/\/www.maisbn.com\/portal\/wp-json\/wp\/v2\/posts"}],"about":[{"href":"https:\/\/www.maisbn.com\/portal\/wp-json\/wp\/v2\/types\/post"}],"author":[{"embeddable":true,"href":"https:\/\/www.maisbn.com\/portal\/wp-json\/wp\/v2\/users\/1"}],"replies":[{"embeddable":true,"href":"https:\/\/www.maisbn.com\/portal\/wp-json\/wp\/v2\/comments?post=4458"}],"version-history":[{"count":0,"href":"https:\/\/www.maisbn.com\/portal\/wp-json\/wp\/v2\/posts\/4458\/revisions"}],"wp:attachment":[{"href":"https:\/\/www.maisbn.com\/portal\/wp-json\/wp\/v2\/media?parent=4458"}],"wp:term":[{"taxonomy":"category","embeddable":true,"href":"https:\/\/www.maisbn.com\/portal\/wp-json\/wp\/v2\/categories?post=4458"},{"taxonomy":"post_tag","embeddable":true,"href":"https:\/\/www.maisbn.com\/portal\/wp-json\/wp\/v2\/tags?post=4458"}],"curies":[{"name":"wp","href":"https:\/\/api.w.org\/{rel}","templated":true}]}}