{"id":4393,"date":"2014-02-19T06:26:09","date_gmt":"2014-02-19T09:26:09","guid":{"rendered":"http:\/\/www.maisbn.com\/portal\/?p=4393"},"modified":"2014-02-19T06:26:09","modified_gmt":"2014-02-19T09:26:09","slug":"aberta-a-jornada-pedagogica-2014-em-belmonte","status":"publish","type":"post","link":"https:\/\/www.maisbn.com\/portal\/2014\/02\/aberta-a-jornada-pedagogica-2014-em-belmonte\/","title":{"rendered":"Aberta a Jornada Pedag\u00f3gica 2014 em Belmonte"},"content":{"rendered":"<p>A\u00a0\u00a0Prefeita Alice Maria Britto participou da abertura solene da Semana Pedag\u00f3gica 2014 de Belmonte na Escola Polivalente do munic\u00edpio, na manh\u00e3 de ter\u00e7a-feira, dia 18 de fevereiro. O evento contou com a presen\u00e7a de\u00a0\u00a0professores que atenderam ao convite da Secretaria Municipal de Educa\u00e7\u00e3o e teve tamb\u00e9m a participa\u00e7\u00e3o das Secretarias de Finan\u00e7as e da Administra\u00e7\u00e3o, do Presidente da C\u00e2mara de Vereadores, Alvino Matos, dos vereadores, Idinho e Lilico, al\u00e9m da Presidente da APLB \u2013 Sr\u00aa Ionete Martins, a palestrante especialista em Educa\u00e7\u00e3o Inclusiva \u2013 Sr\u00aa Vera L\u00facia Liu, e a palestrante Psic\u00f3loga e Psicopedagoga \u2013 Sr\u00aa L\u00edvia Dodds.<\/p>\n<p><a href=\"http:\/\/www.maisbn.com\/portal\/wp-content\/uploads\/2014\/02\/jornada.jpg\"><img loading=\"lazy\" decoding=\"async\" class=\"size-full wp-image-4394 aligncenter\" alt=\"jornada\" src=\"http:\/\/www.maisbn.com\/portal\/wp-content\/uploads\/2014\/02\/jornada.jpg\" width=\"650\" height=\"412\" srcset=\"https:\/\/www.maisbn.com\/portal\/wp-content\/uploads\/2014\/02\/jornada.jpg 650w, https:\/\/www.maisbn.com\/portal\/wp-content\/uploads\/2014\/02\/jornada-552x350.jpg 552w\" sizes=\"auto, (max-width: 650px) 100vw, 650px\" \/><\/a><\/p>\n<p>A solenidade contou com a participa\u00e7\u00e3o do saxofonista Gentil executando a m\u00fasica \u201cUm bom professor, um bom come\u00e7o\u201d, seguida da execu\u00e7\u00e3o do Hino Nacional, Hino da Independ\u00eancia da Bahia e do Hino de Belmonte, pelo Coral Juvenil Vozes do Carmo e do Grupo Vinho Novo da Escola de Viol\u00f5es Martins.<\/p>\n<p>O mestre do Cerimonial convida as autoridades para forma\u00e7\u00e3o da mesa, em seguida a palavra ao Secretario de Educa\u00e7\u00e3o Claudio Teodoro, abrindo a Jornada Pedag\u00f3gica com o Tema: \u201cInclus\u00e3o Escolar\u201d.<\/p>\n<p><a href=\"http:\/\/www.maisbn.com\/portal\/wp-content\/uploads\/2014\/02\/jornada2.jpg\"><img loading=\"lazy\" decoding=\"async\" class=\"size-full wp-image-4395 aligncenter\" alt=\"jornada2\" src=\"http:\/\/www.maisbn.com\/portal\/wp-content\/uploads\/2014\/02\/jornada2.jpg\" width=\"650\" height=\"412\" srcset=\"https:\/\/www.maisbn.com\/portal\/wp-content\/uploads\/2014\/02\/jornada2.jpg 650w, https:\/\/www.maisbn.com\/portal\/wp-content\/uploads\/2014\/02\/jornada2-552x350.jpg 552w\" sizes=\"auto, (max-width: 650px) 100vw, 650px\" \/><\/a><\/p>\n<p>O Secret\u00e1rio de Educa\u00e7\u00e3o Claudio Teodoro, come\u00e7ou suas palavras agradecendo a presen\u00e7a de todos os professores, ressaltando a import\u00e2ncia do evento, afirmando ser o 1\u00ba passo para um novo modelo de ensinar. Dizendo ter uma miss\u00e3o como educador e que todos possam ter orgulho do que fazem. Uma escola pode ser considerada inclusiva, quando n\u00e3o faz distin\u00e7\u00e3o entre seres humanos, n\u00e3o seleciona ou diferencia com base em julgamentos de valores como perfeitos e n\u00e3o perfeitos, normais e anormais.<br \/>\nINCLUS\u00c3O ESCOLAR, \u00e9 aquela escola que proporciona uma educa\u00e7\u00e3o voltada para todos, de forma que qualquer aluno que dela fa\u00e7a parte, independente deste ser ou n\u00e3o portador de necessidades especiais, tenha condi\u00e7\u00e3o de conhecer, aprender, viver e ser, num ambiente livre de preconceitos que estimule suas potencialidades e a forma\u00e7\u00e3o de uma consci\u00eancia cr\u00edtica.<\/p>\n<p>Em seguida falou o Presidente da C\u00e2mara, Alvino Matos, o vereador Carlos Aguiar e a Presidente da APLB,\u00a0\u00a0Sr\u00aa Ionete Martins. Franqueada a palavra a Sr\u00aa Vera L\u00facia Liu, que foi bastante aplaudida pelos professores disse:<\/p>\n<p>A INCLUS\u00c3O trata-se de uma inova\u00e7\u00e3o, por\u00e9m precisa ser bastante discutida para que seu sentido n\u00e3o seja distorcido e que n\u00e3o se torne um movimento polemizado. Inserir alunos com necessidades especiais nas escolas sejam elas de cunho p\u00fablico ou privado e sejam eles com quaisquer defici\u00eancias, permanentes ou tempor\u00e1rias, nada mais \u00e9 que garantir um direito ao cidad\u00e3o e isso \u00e9 previsto em diversas leis esparsas e principalmente na Constitui\u00e7\u00e3o Federal.<\/p>\n<p>A INCLUS\u00c3O ESCOLAR,\u00a0\u00a0\u00e9, portanto, um processo que contribui para a constru\u00e7\u00e3o de um novo tipo de sociedade atrav\u00e9s de transforma\u00e7\u00f5es, pequenas e grandes, seja nos ambientes f\u00edsicos, no meio jur\u00eddico, na mentalidade das pessoas e do pr\u00f3prio Portador de Necessidades Educativas Especiais.<\/p>\n<p>O acesso \u00e0 escola contribui consideravelmente para o processo de desenvolvimento humano, visto que \u00e9 por meio dela que os portadores de necessidades educativas especiais bem como as pessoas que participam desse processo se beneficiam, pois desenvolvem atitudes positivas mutuamente, que se tornam ganhos tanto em habilidades acad\u00eamicas como sociais para uma melhor\u00a0\u00a0prepara\u00e7\u00e3o na vida em comunidade. Disse a Sr\u00aa Vera l\u00facia Liu.<\/p>\n<p>Encerrando a solenidade de abertura, a Prefeita Alice Maria, em seu pronunciamento destacou a import\u00e2ncia e a valoriza\u00e7\u00e3o que \u00e9 dada ao Professor em sua gest\u00e3o, mantendo um di\u00e1logo claro com todos os Educadores e apostando na forma\u00e7\u00e3o cont\u00ednua dos mestres.<\/p>\n<p><a href=\"http:\/\/www.maisbn.com\/portal\/wp-content\/uploads\/2014\/02\/jornadaalice.jpg\"><img loading=\"lazy\" decoding=\"async\" class=\"size-full wp-image-4396 aligncenter\" alt=\"jornadaalice\" src=\"http:\/\/www.maisbn.com\/portal\/wp-content\/uploads\/2014\/02\/jornadaalice.jpg\" width=\"650\" height=\"412\" srcset=\"https:\/\/www.maisbn.com\/portal\/wp-content\/uploads\/2014\/02\/jornadaalice.jpg 650w, https:\/\/www.maisbn.com\/portal\/wp-content\/uploads\/2014\/02\/jornadaalice-552x350.jpg 552w\" sizes=\"auto, (max-width: 650px) 100vw, 650px\" \/><\/a><\/p>\n<p>Falando da INCLUS\u00c3O ESCOLAR(Tema da Jornada), disse que alunos excepcionais nas escolas n\u00e3o \u00e9 uma conquista f\u00e1cil, mas faz-se poss\u00edvel e necess\u00e1ria, pois para que esta se torne realidade, o sistema educacional deve se reestruturar deixando transparente que n\u00e3o s\u00e3o os deficientes ou portadores de necessidades educativas que devem se transformar para se integrar a escola e sim a escola que deve se adaptar para receb\u00ea-los.<\/p>\n<p>Ap\u00f3s a solenidade de abertura foi servido um delicioso lanche, seguida de uma din\u00e2mica com perguntas e respostas musical . A coordenadora Carla Lemos, orientou a divis\u00e3o dos grupos para ouvirem as palestras.<\/p>\n","protected":false},"excerpt":{"rendered":"<p>A\u00a0\u00a0Prefeita Alice Maria Britto participou da abertura solene da Semana Pedag\u00f3gica 2014 de Belmonte na Escola Polivalente do munic\u00edpio, na manh\u00e3 de ter\u00e7a-feira, dia 18 de fevereiro. O evento contou com a presen\u00e7a de\u00a0\u00a0professores que atenderam ao convite da Secretaria Municipal de Educa\u00e7\u00e3o e teve tamb\u00e9m a participa\u00e7\u00e3o das Secretarias de Finan\u00e7as e da Administra\u00e7\u00e3o, [&hellip;]<\/p>\n","protected":false},"author":1,"featured_media":4397,"comment_status":"closed","ping_status":"open","sticky":false,"template":"","format":"standard","meta":{"footnotes":""},"categories":[8,1],"tags":[44,101,623,479],"class_list":["post-4393","post","type-post","status-publish","format-standard","has-post-thumbnail","hentry","category-educacao","category-noticias","tag-belmonte-ba","tag-belmonte-bahia-2","tag-educacao","tag-jornada-pedagogica"],"_links":{"self":[{"href":"https:\/\/www.maisbn.com\/portal\/wp-json\/wp\/v2\/posts\/4393","targetHints":{"allow":["GET"]}}],"collection":[{"href":"https:\/\/www.maisbn.com\/portal\/wp-json\/wp\/v2\/posts"}],"about":[{"href":"https:\/\/www.maisbn.com\/portal\/wp-json\/wp\/v2\/types\/post"}],"author":[{"embeddable":true,"href":"https:\/\/www.maisbn.com\/portal\/wp-json\/wp\/v2\/users\/1"}],"replies":[{"embeddable":true,"href":"https:\/\/www.maisbn.com\/portal\/wp-json\/wp\/v2\/comments?post=4393"}],"version-history":[{"count":0,"href":"https:\/\/www.maisbn.com\/portal\/wp-json\/wp\/v2\/posts\/4393\/revisions"}],"wp:featuredmedia":[{"embeddable":true,"href":"https:\/\/www.maisbn.com\/portal\/wp-json\/wp\/v2\/media\/4397"}],"wp:attachment":[{"href":"https:\/\/www.maisbn.com\/portal\/wp-json\/wp\/v2\/media?parent=4393"}],"wp:term":[{"taxonomy":"category","embeddable":true,"href":"https:\/\/www.maisbn.com\/portal\/wp-json\/wp\/v2\/categories?post=4393"},{"taxonomy":"post_tag","embeddable":true,"href":"https:\/\/www.maisbn.com\/portal\/wp-json\/wp\/v2\/tags?post=4393"}],"curies":[{"name":"wp","href":"https:\/\/api.w.org\/{rel}","templated":true}]}}