{"id":4224,"date":"2014-01-29T21:19:39","date_gmt":"2014-01-30T00:19:39","guid":{"rendered":"http:\/\/www.maisbn.com\/portal\/?p=4224"},"modified":"2014-01-29T21:23:16","modified_gmt":"2014-01-30T00:23:16","slug":"pm-prende-acusados-de-crime-ambiental-e-captura-motos-suspeitas","status":"publish","type":"post","link":"https:\/\/www.maisbn.com\/portal\/2014\/01\/pm-prende-acusados-de-crime-ambiental-e-captura-motos-suspeitas\/","title":{"rendered":"PM prende acusados de crime ambiental e captura motos suspeitas."},"content":{"rendered":"<p><a href=\"http:\/\/www.maisbn.com\/portal\/wp-content\/uploads\/2014\/01\/madeira01.jpg\"><img loading=\"lazy\" decoding=\"async\" class=\"alignleft size-full wp-image-4226\" alt=\"madeira01\" src=\"http:\/\/www.maisbn.com\/portal\/wp-content\/uploads\/2014\/01\/madeira01.jpg\" width=\"314\" height=\"235\" \/><\/a>Mais uma opera\u00e7\u00e3o bem sucedida da Policia Militar de Belmonte prende\u00a0 dois indiv\u00edduos em uma fazenda da Veracel acusados de crime ambiental e roubo de madeiras.<\/p>\n<p>A opera\u00e7\u00e3o come\u00e7ou quando policiais militares lotados em Barrol\u00e2ndia foram acionados pela empresa Visel, que presta servi\u00e7os de vigil\u00e2ncia para a Veracel. Vigilantes informaram que os indiv\u00edduos identificados como Jos\u00e9 Carlos Dias Santos e Valdemar Concei\u00e7\u00e3o dos Santos estavam na propriedade da empresa de posse de um motosserra <a href=\"http:\/\/www.maisbn.com\/portal\/wp-content\/uploads\/2014\/01\/madeira02.jpg\"><img loading=\"lazy\" decoding=\"async\" class=\"alignright  wp-image-4227\" alt=\"madeira02\" src=\"http:\/\/www.maisbn.com\/portal\/wp-content\/uploads\/2014\/01\/madeira02.jpg\" width=\"274\" height=\"205\" \/><\/a>cortando \u00e1rvores.<\/p>\n<p>Os acusados foram capturados no local e trazidos, juntamente com a motosserra para a Delegacia de Belmonte para prestar esclarecimentos do fato.<\/p>\n<p>Os dois indiv\u00edduos disseram aos policiais que estavam a servi\u00e7o de uma pessoa que atende pelo apelido de gordo e que, inclusive, a motosserra seria desta mesma pessoa.<\/p>\n<p>&nbsp;<\/p>\n<p>&nbsp;<\/p>\n<p><a href=\"http:\/\/www.maisbn.com\/portal\/wp-content\/uploads\/2014\/01\/madeira03.jpg\"><img loading=\"lazy\" decoding=\"async\" class=\"aligncenter size-full wp-image-4228\" alt=\"madeira03\" src=\"http:\/\/www.maisbn.com\/portal\/wp-content\/uploads\/2014\/01\/madeira03.jpg\" width=\"314\" height=\"235\" \/><\/a><\/p>\n<p>Os policiais militares de Barrolandia ainda trouxeram uma moto bross placa OKG 9275, municipio de Porto Seguro e uma Honda Titam Preta de placa DTI 7899 do munic\u00edpio de Varzea, estado de S\u00e3o Paulo. As motos estavam com dois indiv\u00edduos que fugiram com a aproxima\u00e7\u00e3o da guarni\u00e7\u00e3o e foram trazidas para serem averiguadas na delegacia. Os policiais militares ainda apuraram que as motos pertenceriam aos indiv\u00edduos: Um conhecido pelo prenome Ronald que estava com a Bross e o outro conhecido pelo apelido de Parafuso. A policia suspeita que os dois tenham envolvimento com o tr\u00e1fico de drogas.<\/p>\n<p><a href=\"http:\/\/www.maisbn.com\/portal\/wp-content\/uploads\/2014\/01\/madeira04.jpg\"><img loading=\"lazy\" decoding=\"async\" class=\"aligncenter size-full wp-image-4229\" alt=\"madeira04\" src=\"http:\/\/www.maisbn.com\/portal\/wp-content\/uploads\/2014\/01\/madeira04.jpg\" width=\"314\" height=\"235\" \/><\/a><\/p>\n<p>O comando do policiamento reafirmou que opera\u00e7\u00f5es continuar\u00e3o a acontecer por toda a cidade e que n\u00e3o dar\u00e1 tr\u00e9gua para a criminalidade na cidade.<\/p>\n<p>&nbsp;<\/p>\n","protected":false},"excerpt":{"rendered":"<p>Mais uma opera\u00e7\u00e3o bem sucedida da Policia Militar de Belmonte prende\u00a0 dois indiv\u00edduos em uma fazenda da Veracel acusados de crime ambiental e roubo de madeiras. A opera\u00e7\u00e3o come\u00e7ou quando policiais militares lotados em Barrol\u00e2ndia foram acionados pela empresa Visel, que presta servi\u00e7os de vigil\u00e2ncia para a Veracel. Vigilantes informaram que os indiv\u00edduos identificados como [&hellip;]<\/p>\n","protected":false},"author":7,"featured_media":0,"comment_status":"closed","ping_status":"open","sticky":false,"template":"","format":"standard","meta":{"footnotes":""},"categories":[1,16],"tags":[165,108],"class_list":["post-4224","post","type-post","status-publish","format-standard","hentry","category-noticias","category-policial","tag-barrolandia","tag-belmonte"],"_links":{"self":[{"href":"https:\/\/www.maisbn.com\/portal\/wp-json\/wp\/v2\/posts\/4224","targetHints":{"allow":["GET"]}}],"collection":[{"href":"https:\/\/www.maisbn.com\/portal\/wp-json\/wp\/v2\/posts"}],"about":[{"href":"https:\/\/www.maisbn.com\/portal\/wp-json\/wp\/v2\/types\/post"}],"author":[{"embeddable":true,"href":"https:\/\/www.maisbn.com\/portal\/wp-json\/wp\/v2\/users\/7"}],"replies":[{"embeddable":true,"href":"https:\/\/www.maisbn.com\/portal\/wp-json\/wp\/v2\/comments?post=4224"}],"version-history":[{"count":0,"href":"https:\/\/www.maisbn.com\/portal\/wp-json\/wp\/v2\/posts\/4224\/revisions"}],"wp:attachment":[{"href":"https:\/\/www.maisbn.com\/portal\/wp-json\/wp\/v2\/media?parent=4224"}],"wp:term":[{"taxonomy":"category","embeddable":true,"href":"https:\/\/www.maisbn.com\/portal\/wp-json\/wp\/v2\/categories?post=4224"},{"taxonomy":"post_tag","embeddable":true,"href":"https:\/\/www.maisbn.com\/portal\/wp-json\/wp\/v2\/tags?post=4224"}],"curies":[{"name":"wp","href":"https:\/\/api.w.org\/{rel}","templated":true}]}}