{"id":4123,"date":"2014-01-13T15:39:23","date_gmt":"2014-01-13T18:39:23","guid":{"rendered":"http:\/\/www.maisbn.com\/portal\/?p=4123"},"modified":"2014-01-13T15:39:23","modified_gmt":"2014-01-13T18:39:23","slug":"mais-uma-morte-e-registrada-em-santa-cruz-cabralia","status":"publish","type":"post","link":"https:\/\/www.maisbn.com\/portal\/2014\/01\/mais-uma-morte-e-registrada-em-santa-cruz-cabralia\/","title":{"rendered":"Mais uma morte \u00e9 registrada em Santa Cruz Cabr\u00e1lia."},"content":{"rendered":"<p>&nbsp;<\/p>\n<div id=\"attachment_4124\" style=\"width: 441px\" class=\"wp-caption aligncenter\"><a href=\"http:\/\/www.maisbn.com\/portal\/wp-content\/uploads\/2014\/01\/radargeraldao.jpg\"><img loading=\"lazy\" decoding=\"async\" aria-describedby=\"caption-attachment-4124\" class=\"wp-image-4124 \" alt=\"radargeraldao\" src=\"http:\/\/www.maisbn.com\/portal\/wp-content\/uploads\/2014\/01\/radargeraldao.jpg\" width=\"431\" height=\"297\" \/><\/a><p id=\"caption-attachment-4124\" class=\"wp-caption-text\">Informa\u00e7\u00f5es e fotos: Radar 64<\/p><\/div>\n<p>&nbsp;<\/p>\n<p>Crism\u00e1rcio Rocha Dias, 25 anos, foi v\u00edtima de arma de fogo em Santa Cruz Cabr\u00e1lia.<\/p>\n<p>O corpo localizado por volta das 6h da manh\u00e3 deste domingo (12), no bairro Gerald\u00e3o, apresentava perfura\u00e7\u00f5es de arma de fogo.<\/p>\n<p>A pol\u00edcia local ainda n\u00e3o tem outras informa\u00e7\u00f5es sobre o crime. O cad\u00e1ver foi removido para o Instituto M\u00e9dico Legal de Porto Seguro.<\/p>\n<p>A v\u00edtima morava no bairro Campinho, na mesma cidade.<\/p>\n<p>&nbsp;<\/p>\n","protected":false},"excerpt":{"rendered":"<p>&nbsp; &nbsp; Crism\u00e1rcio Rocha Dias, 25 anos, foi v\u00edtima de arma de fogo em Santa Cruz Cabr\u00e1lia. O corpo localizado por volta das 6h da manh\u00e3 deste domingo (12), no bairro Gerald\u00e3o, apresentava perfura\u00e7\u00f5es de arma de fogo. A pol\u00edcia local ainda n\u00e3o tem outras informa\u00e7\u00f5es sobre o crime. O cad\u00e1ver foi removido para o [&hellip;]<\/p>\n","protected":false},"author":7,"featured_media":0,"comment_status":"closed","ping_status":"open","sticky":false,"template":"","format":"standard","meta":{"footnotes":""},"categories":[1,16],"tags":[403,91],"class_list":["post-4123","post","type-post","status-publish","format-standard","hentry","category-noticias","category-policial","tag-cabralia","tag-santa-cruz-cabralia"],"_links":{"self":[{"href":"https:\/\/www.maisbn.com\/portal\/wp-json\/wp\/v2\/posts\/4123","targetHints":{"allow":["GET"]}}],"collection":[{"href":"https:\/\/www.maisbn.com\/portal\/wp-json\/wp\/v2\/posts"}],"about":[{"href":"https:\/\/www.maisbn.com\/portal\/wp-json\/wp\/v2\/types\/post"}],"author":[{"embeddable":true,"href":"https:\/\/www.maisbn.com\/portal\/wp-json\/wp\/v2\/users\/7"}],"replies":[{"embeddable":true,"href":"https:\/\/www.maisbn.com\/portal\/wp-json\/wp\/v2\/comments?post=4123"}],"version-history":[{"count":0,"href":"https:\/\/www.maisbn.com\/portal\/wp-json\/wp\/v2\/posts\/4123\/revisions"}],"wp:attachment":[{"href":"https:\/\/www.maisbn.com\/portal\/wp-json\/wp\/v2\/media?parent=4123"}],"wp:term":[{"taxonomy":"category","embeddable":true,"href":"https:\/\/www.maisbn.com\/portal\/wp-json\/wp\/v2\/categories?post=4123"},{"taxonomy":"post_tag","embeddable":true,"href":"https:\/\/www.maisbn.com\/portal\/wp-json\/wp\/v2\/tags?post=4123"}],"curies":[{"name":"wp","href":"https:\/\/api.w.org\/{rel}","templated":true}]}}