{"id":4102,"date":"2014-01-08T20:04:39","date_gmt":"2014-01-08T23:04:39","guid":{"rendered":"http:\/\/www.maisbn.com\/portal\/?p=4102"},"modified":"2014-01-08T20:04:39","modified_gmt":"2014-01-08T23:04:39","slug":"prefeita-alice-maria-britto-empossa-gestores-escolares-eleitos","status":"publish","type":"post","link":"https:\/\/www.maisbn.com\/portal\/2014\/01\/prefeita-alice-maria-britto-empossa-gestores-escolares-eleitos\/","title":{"rendered":"Prefeita Alice Maria Britto empossa Gestores Escolares Eleitos."},"content":{"rendered":"<p>Aconteceu no dia 06 de janeiro \u00e0s 11:00 horas, na Funda\u00e7\u00e3o Educacional Pedro Calmon, o cerimonial de posse dos diretores e vice-diretores escolares eleitos, para o mandato dos pr\u00f3ximos 02 anos. O ato contou com a presen\u00e7a dos vereadores municipais, Edalvo Matos, Carlos Aguiar \u201cLILICO\u201d e Hindemburgo \u201cIDINHO\u201d, do presidente da APLB, Rodrigo Martins, das representantes da comiss\u00e3o de gest\u00e3o Ionete Martins e Carla Lemos.<\/p>\n<p><a href=\"http:\/\/www.maisbn.com\/portal\/wp-content\/uploads\/2014\/01\/posseprofessores.jpg\"><img loading=\"lazy\" decoding=\"async\" class=\"aligncenter size-full wp-image-4104\" alt=\"posseprofessores\" src=\"http:\/\/www.maisbn.com\/portal\/wp-content\/uploads\/2014\/01\/posseprofessores.jpg\" width=\"650\" height=\"412\" srcset=\"https:\/\/www.maisbn.com\/portal\/wp-content\/uploads\/2014\/01\/posseprofessores.jpg 650w, https:\/\/www.maisbn.com\/portal\/wp-content\/uploads\/2014\/01\/posseprofessores-552x350.jpg 552w\" sizes=\"auto, (max-width: 650px) 100vw, 650px\" \/><\/a><\/p>\n<p>Destaque merecido para a Prefeita Alice Maria Britto e o Secret\u00e1rio Municipal de Educa\u00e7\u00e3o, Cl\u00e1udio Lu\u00eds Teodoro que numa vis\u00e3o democr\u00e1tica e participativa acompanhou de perto todo o processo eleitoral, bem como, prestigiaram e mediaram o acontecimento que de fato foi um marco na hist\u00f3ria da Educa\u00e7\u00e3o de Belmonte. Hoje, com a nova equipe de gestores eleitos, o munic\u00edpio n\u00e3o s\u00f3 d\u00e1 um passo \u00e0 frente nas conquistas da classe educacional, mas tamb\u00e9m, mostra que o gestor municipal \u00e9 respons\u00e1vel no comprimento da lei, ao executar que consta o Estatuto e Plano de Carreira do Magist\u00e9rio cap\u00edtulo XI, que se refere a dire\u00e7\u00e3o das unidades escolares. Sem contar que \u00e9 a primeira vez que s\u00e3o empossados diretores na rede municipal que foram escolhidos pelo voto direto de alunos, professores e pais, j\u00e1 que, nos governos anteriores os diretores eram nomeados pelos prefeitos.<\/p>\n<p><a href=\"http:\/\/www.maisbn.com\/portal\/wp-content\/uploads\/2014\/01\/posseprofessores2.jpg\"><img loading=\"lazy\" decoding=\"async\" class=\"alignright  wp-image-4105\" alt=\"posseprofessores2\" src=\"http:\/\/www.maisbn.com\/portal\/wp-content\/uploads\/2014\/01\/posseprofessores2.jpg\" width=\"390\" height=\"247\" srcset=\"https:\/\/www.maisbn.com\/portal\/wp-content\/uploads\/2014\/01\/posseprofessores2.jpg 650w, https:\/\/www.maisbn.com\/portal\/wp-content\/uploads\/2014\/01\/posseprofessores2-552x350.jpg 552w\" sizes=\"auto, (max-width: 390px) 100vw, 390px\" \/><\/a>A Prefeita Municipal refor\u00e7ou a quest\u00e3o de parceria entre os presentes, reafirmando a import\u00e2ncia da melhoria da qualidade da Educa\u00e7\u00e3o, em especial ao que tange a evolu\u00e7\u00e3o do <b>IDEB<\/b> (<b>\u00cdndice de Desenvolvimento da Educa\u00e7\u00e3o B\u00e1sica<\/b>) e abordou sobre a necessidade de minimizar as contrata\u00e7\u00f5es no munic\u00edpio, melhor atender as demandas das unidades de ensino e valorizar os funcion\u00e1rios p\u00fablicos.<\/p>\n<p>O Secret\u00e1rio Municipal de Educa\u00e7\u00e3o deu inicio a entrega dos Decretos de nomea\u00e7\u00e3o dos gestores eleitos enfatizando que: <b>\u201cA verdadeira democracia se constr\u00f3i com consci\u00eancia, e a responsabilidade \u00e9 de todos n\u00f3s\u201d<\/b>.<\/p>\n<p>Segue abaixo os nomes dos diretores e vice-diretores escolares empossados:<\/p>\n<p>Escola Municipal Menandro Menah<\/p>\n<p>Diretor: Cristiane Medeiros dos Santos<\/p>\n<p>Vice: Jessileide Gomes de Oliveira<\/p>\n<p>&nbsp;<\/p>\n<p>Escola Municipal Prof\u00ba Edgard Santos<\/p>\n<p>Diretor: Cristian Dantas<\/p>\n<p>Vice: Elaine Soares Calixto Nascimento<\/p>\n<p>Vice: Simone Borges Cruz<\/p>\n<p>&nbsp;<\/p>\n<p>Escola Municipal Prof\u00ba L\u00facio Coelho<\/p>\n<p>Diretor: Glauber Fa\u00e7anha Cerqueira<\/p>\n<p>&nbsp;<\/p>\n<p>Escola Municipal S\u00e3o Francisco<\/p>\n<p>Diretor: Silmaria Oliveira dos Santos<\/p>\n<p>Vice: Ana Concei\u00e7\u00e3o Bispo dos Santos<\/p>\n<p>&nbsp;<\/p>\n<p>Escola Municipal Ant\u00f4nia Porto<\/p>\n<p>Diretor: Rita Efig\u00eania da Silva<\/p>\n<p>&nbsp;<\/p>\n<p>Escola Municipal Ant\u00f4nio Carlos Magalh\u00e3es<\/p>\n<p>Diretor: Rita Marla Alc\u00e2ntara Soares de Jesus<\/p>\n<p>Vice: Lucia Pereira de Oliveira<\/p>\n<p>Vice: Maria Rubia Santana Nunes<\/p>\n<p>Vice: Jackson Viana de Castro<\/p>\n<p>&nbsp;<\/p>\n<p>Escola Municipal Clemenceau Teixeira<\/p>\n<p>Diretor: Joenia Rodrigues Ferraz dos Santos<\/p>\n<p>Vice: Erineusa Francisco dos Santos<\/p>\n<p>Vice: Vileiva Matos dos Santos<\/p>\n<p>Vice: Widma Silva Alto\u00e9<\/p>\n<p>&nbsp;<\/p>\n<p>Escola Municipal Dr. Jos\u00e9 Texeira de Freitas<\/p>\n<p>Diretor: Caroline dos Santos Freitas<\/p>\n<p>&nbsp;<\/p>\n<p>Funda\u00e7\u00e3o Educacional Pedro Calmon<\/p>\n<p>Diretor: Andr\u00e9a Carla Silva Borges<\/p>\n<p>Vice: Willian Marcell Silva Sampaio<\/p>\n<p>Vice: Laura Maria Bandeira dos Santos<\/p>\n<p>&nbsp;<\/p>\n<p>Escola Municipal Prof\u00aa Glaucia Maria Paternostro<\/p>\n<p>Diretor: Diklene Marques Barbosa<\/p>\n<p>&nbsp;<\/p>\n<p>Escola Municipal Lorival Jo\u00e3o Mai<\/p>\n<p>Diretor: Rosan Dias de Aguiar<\/p>\n<p>&nbsp;<\/p>\n<p>Escola Municipal M\u00e3e Celeste<\/p>\n<p>Diretor; Neusa Borges<\/p>\n<p>&nbsp;<\/p>\n<p>Escola Municipal Vit\u00f3ria Paternostro<\/p>\n<p>Diretor: Marcia Lima da Hora<\/p>\n<p>Vice: Edvanda Figueredo dos Santos<\/p>\n<p>&nbsp;<\/p>\n<p>Escola Municipal Prof\u00aa L\u00edcia Maria Paternostro<\/p>\n<p>Diretor: Zelia Lucia Barros<\/p>\n<p>Vice: Maria Salom\u00e9 Cerqueira<\/p>\n<p>Vice: Cristiane Nascimento dos Santos<\/p>\n<p>&nbsp;<\/p>\n<p>N\u00facleo Rural 01<\/p>\n<p>Diretor: Marinei Alves de Oliveira<\/p>\n<p>&nbsp;<\/p>\n<p>N\u00facleo Rural 02<\/p>\n<p>Diretor: Neyla Rodrigues Santos<\/p>\n<p>&nbsp;<\/p>\n<p>A Prefeita Alice Maria Britto saldou a todos e garantiu o devido apoio, salientando que Belmonte vive em momento de realiza\u00e7\u00f5es, que continuar\u00e3o se cumprindo ao longo do seu mandato, numa vis\u00e3o respons\u00e1vel progressista.<\/p>\n<p>&nbsp;<\/p>\n","protected":false},"excerpt":{"rendered":"<p>Aconteceu no dia 06 de janeiro \u00e0s 11:00 horas, na Funda\u00e7\u00e3o Educacional Pedro Calmon, o cerimonial de posse dos diretores e vice-diretores escolares eleitos, para o mandato dos pr\u00f3ximos 02 anos. O ato contou com a presen\u00e7a dos vereadores municipais, Edalvo Matos, Carlos Aguiar \u201cLILICO\u201d e Hindemburgo \u201cIDINHO\u201d, do presidente da APLB, Rodrigo Martins, das [&hellip;]<\/p>\n","protected":false},"author":7,"featured_media":4104,"comment_status":"closed","ping_status":"open","sticky":false,"template":"","format":"standard","meta":{"footnotes":""},"categories":[8,1],"tags":[44,101,623,308],"class_list":["post-4102","post","type-post","status-publish","format-standard","has-post-thumbnail","hentry","category-educacao","category-noticias","tag-belmonte-ba","tag-belmonte-bahia-2","tag-educacao","tag-prefeita-alice-elias"],"_links":{"self":[{"href":"https:\/\/www.maisbn.com\/portal\/wp-json\/wp\/v2\/posts\/4102","targetHints":{"allow":["GET"]}}],"collection":[{"href":"https:\/\/www.maisbn.com\/portal\/wp-json\/wp\/v2\/posts"}],"about":[{"href":"https:\/\/www.maisbn.com\/portal\/wp-json\/wp\/v2\/types\/post"}],"author":[{"embeddable":true,"href":"https:\/\/www.maisbn.com\/portal\/wp-json\/wp\/v2\/users\/7"}],"replies":[{"embeddable":true,"href":"https:\/\/www.maisbn.com\/portal\/wp-json\/wp\/v2\/comments?post=4102"}],"version-history":[{"count":0,"href":"https:\/\/www.maisbn.com\/portal\/wp-json\/wp\/v2\/posts\/4102\/revisions"}],"wp:featuredmedia":[{"embeddable":true,"href":"https:\/\/www.maisbn.com\/portal\/wp-json\/wp\/v2\/media\/4104"}],"wp:attachment":[{"href":"https:\/\/www.maisbn.com\/portal\/wp-json\/wp\/v2\/media?parent=4102"}],"wp:term":[{"taxonomy":"category","embeddable":true,"href":"https:\/\/www.maisbn.com\/portal\/wp-json\/wp\/v2\/categories?post=4102"},{"taxonomy":"post_tag","embeddable":true,"href":"https:\/\/www.maisbn.com\/portal\/wp-json\/wp\/v2\/tags?post=4102"}],"curies":[{"name":"wp","href":"https:\/\/api.w.org\/{rel}","templated":true}]}}