{"id":4036,"date":"2013-12-29T20:28:41","date_gmt":"2013-12-29T23:28:41","guid":{"rendered":"http:\/\/www.maisbn.com\/portal\/?p=4036"},"modified":"2013-12-29T20:28:41","modified_gmt":"2013-12-29T23:28:41","slug":"grande-festa-marcou-o-encerramento-do-projeto-natal-na-praca","status":"publish","type":"post","link":"https:\/\/www.maisbn.com\/portal\/2013\/12\/grande-festa-marcou-o-encerramento-do-projeto-natal-na-praca\/","title":{"rendered":"Grande festa marcou o encerramento do Projeto Natal na Pra\u00e7a."},"content":{"rendered":"<p>Depois de animar v\u00e1rias noites que antecederam o Natal, o Projeto Natal na Pra\u00e7a da Igreja Cat\u00f3lica em parceria com a Prefeitura Municipal de Belmonte teve seu encerramento ap\u00f3s a missa de Natal (25\/12) quando aconteceram v\u00e1rias apresenta\u00e7\u00f5es.<\/p>\n<p>&nbsp;<\/p>\n<p><a href=\"http:\/\/www.maisbn.com\/portal\/wp-content\/uploads\/2013\/12\/Natal_pra\u00e7a_032.jpg\"><img loading=\"lazy\" decoding=\"async\" class=\"alignleft size-thumbnail wp-image-4038\" alt=\"Natal_pra\u00e7a_032\" src=\"http:\/\/www.maisbn.com\/portal\/wp-content\/uploads\/2013\/12\/Natal_pra\u00e7a_032-350x175.jpg\" width=\"350\" height=\"175\" \/><\/a>As crian\u00e7as e adolescentes do grupo de viol\u00e3o sob o comando do professor Martins abriram as apresenta\u00e7\u00f5es tocando diversas m\u00fasicas e recitando poesias. Em seguida dupla Rog\u00e9rio Bahia &amp; Crisv\u00e2ney Dias mostrou um pouco do seu repert\u00f3rio, tocando seresta, embalos dos anos 60 e 70 al\u00e9m de forr\u00f3 e marchinhas de carnaval.<\/p>\n<p>&nbsp;<\/p>\n<p>Finalizando as apresenta\u00e7\u00f5es e encerrando o Projeto Natal na Pra\u00e7a a tradicional charanga, banda de instrumentos de sopro, reuniu os cat\u00f3licos e desfilou pelas ruas da cidade formando uma grande festa.<\/p>\n<p>&nbsp;<\/p>\n<p>A comunidade cat\u00f3lica belmontense que tem como l\u00edder o Frei Denilson, agradece a todos que contribu\u00edram com o Projeto Natal na Pra\u00e7a possibilitando que esta ideia sa\u00edsse do papel e alegrasse belmontenses e visitantes que todos os dias visitavam a Pra\u00e7a S\u00e3o Sebasti\u00e3o que teve sua beleza ampliada com os enfeites, luzes e arranjos natalinos.<\/p>\n","protected":false},"excerpt":{"rendered":"<p>Depois de animar v\u00e1rias noites que antecederam o Natal, o Projeto Natal na Pra\u00e7a da Igreja Cat\u00f3lica em parceria com a Prefeitura Municipal de Belmonte teve seu encerramento ap\u00f3s a missa de Natal (25\/12) quando aconteceram v\u00e1rias apresenta\u00e7\u00f5es. &nbsp; As crian\u00e7as e adolescentes do grupo de viol\u00e3o sob o comando do professor Martins abriram as [&hellip;]<\/p>\n","protected":false},"author":1,"featured_media":4038,"comment_status":"closed","ping_status":"open","sticky":false,"template":"","format":"standard","meta":{"footnotes":""},"categories":[1],"tags":[435,451],"class_list":["post-4036","post","type-post","status-publish","format-standard","has-post-thumbnail","hentry","category-noticias","tag-belmonte-bahia-3","tag-natal"],"_links":{"self":[{"href":"https:\/\/www.maisbn.com\/portal\/wp-json\/wp\/v2\/posts\/4036","targetHints":{"allow":["GET"]}}],"collection":[{"href":"https:\/\/www.maisbn.com\/portal\/wp-json\/wp\/v2\/posts"}],"about":[{"href":"https:\/\/www.maisbn.com\/portal\/wp-json\/wp\/v2\/types\/post"}],"author":[{"embeddable":true,"href":"https:\/\/www.maisbn.com\/portal\/wp-json\/wp\/v2\/users\/1"}],"replies":[{"embeddable":true,"href":"https:\/\/www.maisbn.com\/portal\/wp-json\/wp\/v2\/comments?post=4036"}],"version-history":[{"count":0,"href":"https:\/\/www.maisbn.com\/portal\/wp-json\/wp\/v2\/posts\/4036\/revisions"}],"wp:featuredmedia":[{"embeddable":true,"href":"https:\/\/www.maisbn.com\/portal\/wp-json\/wp\/v2\/media\/4038"}],"wp:attachment":[{"href":"https:\/\/www.maisbn.com\/portal\/wp-json\/wp\/v2\/media?parent=4036"}],"wp:term":[{"taxonomy":"category","embeddable":true,"href":"https:\/\/www.maisbn.com\/portal\/wp-json\/wp\/v2\/categories?post=4036"},{"taxonomy":"post_tag","embeddable":true,"href":"https:\/\/www.maisbn.com\/portal\/wp-json\/wp\/v2\/tags?post=4036"}],"curies":[{"name":"wp","href":"https:\/\/api.w.org\/{rel}","templated":true}]}}