{"id":3996,"date":"2013-12-24T16:10:57","date_gmt":"2013-12-24T19:10:57","guid":{"rendered":"http:\/\/www.maisbn.com\/portal\/?p=3996"},"modified":"2014-01-08T12:32:59","modified_gmt":"2014-01-08T15:32:59","slug":"deputado-diz-que-cheias-em-cidades-e-culpa-da-hidreletrica-de-itapebi","status":"publish","type":"post","link":"https:\/\/www.maisbn.com\/portal\/2013\/12\/deputado-diz-que-cheias-em-cidades-e-culpa-da-hidreletrica-de-itapebi\/","title":{"rendered":"Deputado culpa hidreletrica por inunda\u00e7\u00e3o em Belmonte."},"content":{"rendered":"<p><span style=\"line-height: 1.5em;\">\u00a0<\/span><a style=\"line-height: 1.5em;\" href=\"http:\/\/www.maisbn.com\/portal\/wp-content\/uploads\/2013\/12\/belmontealagado1.jpg\"><img loading=\"lazy\" decoding=\"async\" class=\"size-full wp-image-3997 aligncenter\" alt=\"belmontealagado1\" src=\"http:\/\/www.maisbn.com\/portal\/wp-content\/uploads\/2013\/12\/belmontealagado1.jpg\" width=\"473\" height=\"299\" srcset=\"https:\/\/www.maisbn.com\/portal\/wp-content\/uploads\/2013\/12\/belmontealagado1.jpg 650w, https:\/\/www.maisbn.com\/portal\/wp-content\/uploads\/2013\/12\/belmontealagado1-552x350.jpg 552w\" sizes=\"auto, (max-width: 473px) 100vw, 473px\" \/><\/a><\/p>\n<p>&nbsp;<\/p>\n<p>Com a abertura de seis comportas da hidrel\u00e9trica de Itapebi, as \u00e1guas do Rio Jequitinhonha transbordaram e invadiram as cidades de Belmonte e Itapebi, desabrigando dezenas de fam\u00edlias e colocando em risco a vida de milhares de pessoas dos munic\u00edpios do extremo sul da Bahia.<\/p>\n<p>A informa\u00e7\u00e3o \u00e9 do vice-presidente da Comiss\u00e3o de Meio Ambiente, Seca e Recursos H\u00eddricos da Assembleia Legislativa, deputado estadual Marcelino Galo (PT). O parlamentar informa que est\u00e1 preocupado com a situa\u00e7\u00e3o da popula\u00e7\u00e3o local.<\/p>\n<p><a href=\"http:\/\/www.maisbn.com\/portal\/wp-content\/uploads\/2013\/12\/hidreletrica-itapebi.jpg\"><img loading=\"lazy\" decoding=\"async\" class=\"alignright size-full wp-image-3969\" alt=\"hidreletrica itapebi\" src=\"http:\/\/www.maisbn.com\/portal\/wp-content\/uploads\/2013\/12\/hidreletrica-itapebi.jpg\" width=\"279\" height=\"218\" \/><\/a>O petista afirma que a enchente n\u00e3o tem rela\u00e7\u00e3o direta com as fortes chuvas que caem desde a semana passada em Minas Gerais, onde nasce o Jequitinhonha. Mais de 2000 m\u00b3 de \u00e1gua passam por segundo pelas comportas da usina.<\/p>\n<p>\u201cRealizamos uma audi\u00eancia p\u00fablica em Belmonte no final de novembro e encaminhamos den\u00fancia ao Minist\u00e9rio P\u00fablico sobre o acelerado assoreamento do Rio Jequitinhonha ap\u00f3s a constru\u00e7\u00e3o da Hidrel\u00e9trica de Itapebi. Portanto este n\u00e3o \u00e9 somente um fen\u00f4meno natural, mas tem rela\u00e7\u00e3o direta com a constru\u00e7\u00e3o da hidrel\u00e9trica. Esta pode ser a maior cheia desde 1964\u201d, ressaltou o deputado.<\/p>\n<p><a href=\"http:\/\/www.maisbn.com\/portal\/wp-content\/uploads\/2013\/12\/Jequitinhonha_015.jpg\"><img loading=\"lazy\" decoding=\"async\" class=\"alignleft size-full wp-image-3974\" alt=\"Jequitinhonha_015\" src=\"http:\/\/www.maisbn.com\/portal\/wp-content\/uploads\/2013\/12\/Jequitinhonha_015.jpg\" width=\"297\" height=\"248\" \/><\/a>\u201cAgora o que queremos \u00e9 uma a\u00e7\u00e3o emergencial, por isso acionei o Governo do Estado e entrei em contato com a prefeitura municipal, para somar esfor\u00e7os. Entretanto, temos que resolver esta quest\u00e3o do assoreamento do rio, sob pena de assistirmos outras trag\u00e9dias como essa. Mudaram o curso natural das \u00e1guas e agora a natureza cobrou o pre\u00e7o\u201d, adiciona Marcelino Galo.<\/p>\n<p>No m\u00eas passado o titular da Promotoria de Justi\u00e7a Regional Especializada em Meio Ambiente de Porto Seguro, Ant\u00f4nio Maur\u00edcio Soares Magnavita, recebeu denuncia quanto a situa\u00e7\u00e3o do Rio Jequitinhonha e os danos ambientais e sociais causados pela constru\u00e7\u00e3o da barragem de Itapebi. Ao apresentar a documenta\u00e7\u00e3o e informa\u00e7\u00f5es colhidas na audi\u00eancia p\u00fablica que tratou do tema no munic\u00edpio, Marcelino Galo requereu a interven\u00e7\u00e3o do Minist\u00e9rio P\u00fablico visando \u00e0 recupera\u00e7\u00e3o ambiental do Rio Jequitinhonha.<\/p>\n<p>Na \u00e9poca, o MP comprometeu-se a exigir um novo estudo para medir os impactos da constru\u00e7\u00e3o da Hidrel\u00e9trica de Itapebi e promover uma nova audi\u00eancia p\u00fablica em Belmonte para colher novos depoimentos dos moradores e registrar mais denuncias, na perspectiva de exigir medidas compensat\u00f3rias e de recupera\u00e7\u00e3o da \u00e1rea degradada.<\/p>\n","protected":false},"excerpt":{"rendered":"<p>\u00a0 &nbsp; Com a abertura de seis comportas da hidrel\u00e9trica de Itapebi, as \u00e1guas do Rio Jequitinhonha transbordaram e invadiram as cidades de Belmonte e Itapebi, desabrigando dezenas de fam\u00edlias e colocando em risco a vida de milhares de pessoas dos munic\u00edpios do extremo sul da Bahia. A informa\u00e7\u00e3o \u00e9 do vice-presidente da Comiss\u00e3o de [&hellip;]<\/p>\n","protected":false},"author":7,"featured_media":0,"comment_status":"closed","ping_status":"open","sticky":false,"template":"","format":"standard","meta":{"footnotes":""},"categories":[45,1],"tags":[456,108,455],"class_list":["post-3996","post","type-post","status-publish","format-standard","hentry","category-cidades","category-noticias","tag-alagamento-belmonte","tag-belmonte","tag-rio-jequitinhonha"],"_links":{"self":[{"href":"https:\/\/www.maisbn.com\/portal\/wp-json\/wp\/v2\/posts\/3996","targetHints":{"allow":["GET"]}}],"collection":[{"href":"https:\/\/www.maisbn.com\/portal\/wp-json\/wp\/v2\/posts"}],"about":[{"href":"https:\/\/www.maisbn.com\/portal\/wp-json\/wp\/v2\/types\/post"}],"author":[{"embeddable":true,"href":"https:\/\/www.maisbn.com\/portal\/wp-json\/wp\/v2\/users\/7"}],"replies":[{"embeddable":true,"href":"https:\/\/www.maisbn.com\/portal\/wp-json\/wp\/v2\/comments?post=3996"}],"version-history":[{"count":0,"href":"https:\/\/www.maisbn.com\/portal\/wp-json\/wp\/v2\/posts\/3996\/revisions"}],"wp:attachment":[{"href":"https:\/\/www.maisbn.com\/portal\/wp-json\/wp\/v2\/media?parent=3996"}],"wp:term":[{"taxonomy":"category","embeddable":true,"href":"https:\/\/www.maisbn.com\/portal\/wp-json\/wp\/v2\/categories?post=3996"},{"taxonomy":"post_tag","embeddable":true,"href":"https:\/\/www.maisbn.com\/portal\/wp-json\/wp\/v2\/tags?post=3996"}],"curies":[{"name":"wp","href":"https:\/\/api.w.org\/{rel}","templated":true}]}}