{"id":3949,"date":"2013-12-20T06:54:11","date_gmt":"2013-12-20T09:54:11","guid":{"rendered":"http:\/\/www.maisbn.com\/portal\/?p=3949"},"modified":"2013-12-29T21:31:29","modified_gmt":"2013-12-30T00:31:29","slug":"projeto-natal-na-praca-deixa-a-cidade-mais-bonita-e-animada","status":"publish","type":"post","link":"https:\/\/www.maisbn.com\/portal\/2013\/12\/projeto-natal-na-praca-deixa-a-cidade-mais-bonita-e-animada\/","title":{"rendered":"Projeto Natal na Pra\u00e7a deixa a cidade mais bonita e animada."},"content":{"rendered":"<p>&nbsp;<\/p>\n<p>&nbsp;<\/p>\n<p><span style=\"font-family: Arial, sans-serif; font-size: 12pt; line-height: 115%;\">Um novo projeto da Igreja Cat\u00f3lica e da Prefeitura de Belmonte est\u00e1 trazendo vida para esses dias que antecedem o natal. Estamos falando do projeto Natal na Pra\u00e7a. O projeto est\u00e1 situado na Pra\u00e7a S\u00e3o Sebasti\u00e3o que foi totalmente iluminada e arrumada para as pessoas se sentirem no ambiente natalino. Al\u00e9m da ilumina\u00e7\u00e3o, que ficou muito bonita, todos os belmontenses e visitantes ainda contam com diversas apresenta\u00e7\u00f5es de dan\u00e7a e de cultura da cidade. As apresenta\u00e7\u00f5es sempre acontecem depois da missa e os visitantes ainda contam com diversas barraquinhas montadas para vender v\u00e1rios produtos.<\/span><\/p>\n<p class=\"MsoNormal\"><a href=\"http:\/\/www.maisbn.com\/portal\/wp-content\/uploads\/2013\/12\/Natal_2013_016.jpg\"><img loading=\"lazy\" decoding=\"async\" class=\"size-full wp-image-3953 aligncenter\" alt=\"Natal_2013_016\" src=\"http:\/\/www.maisbn.com\/portal\/wp-content\/uploads\/2013\/12\/Natal_2013_016.jpg\" width=\"652\" height=\"412\" srcset=\"https:\/\/www.maisbn.com\/portal\/wp-content\/uploads\/2013\/12\/Natal_2013_016.jpg 652w, https:\/\/www.maisbn.com\/portal\/wp-content\/uploads\/2013\/12\/Natal_2013_016-553x350.jpg 553w\" sizes=\"auto, (max-width: 652px) 100vw, 652px\" \/><\/a><\/p>\n<p class=\"MsoNormal\"><span style=\"font-size: 12.0pt; line-height: 115%; font-family: 'Arial','sans-serif';\">Pessoas ligadas \u00e0 igreja informaram \u00e0 nossa reportagem que esse era um antigo projeto da par\u00f3quia e que veio a sair do papel por causa do interesse da atual administra\u00e7\u00e3o. A Prefeita Alice Elias informou \u00e0 nossa reportagem que se sente feliz e que planeja no pr\u00f3ximo ano melhorar ainda mais o projeto.<\/span><\/p>\n<p class=\"MsoNormal\"><span style=\"font-size: 12.0pt; line-height: 115%; font-family: 'Arial','sans-serif';\">As apresenta\u00e7\u00f5es acontecer\u00e3o at\u00e9 o natal e as pessoas que quiserem apreciar esse grande espet\u00e1culo podem se dirigir \u00e0 Pra\u00e7a S\u00e3o Sebasti\u00e3o, no centro da cidade.<\/span><\/p>\n<p>&nbsp;<\/p>\n","protected":false},"excerpt":{"rendered":"<p>&nbsp; &nbsp; Um novo projeto da Igreja Cat\u00f3lica e da Prefeitura de Belmonte est\u00e1 trazendo vida para esses dias que antecedem o natal. Estamos falando do projeto Natal na Pra\u00e7a. O projeto est\u00e1 situado na Pra\u00e7a S\u00e3o Sebasti\u00e3o que foi totalmente iluminada e arrumada para as pessoas se sentirem no ambiente natalino. Al\u00e9m da ilumina\u00e7\u00e3o, [&hellip;]<\/p>\n","protected":false},"author":7,"featured_media":0,"comment_status":"closed","ping_status":"open","sticky":false,"template":"","format":"standard","meta":{"footnotes":""},"categories":[45,1],"tags":[108,44,451],"class_list":["post-3949","post","type-post","status-publish","format-standard","hentry","category-cidades","category-noticias","tag-belmonte","tag-belmonte-ba","tag-natal"],"_links":{"self":[{"href":"https:\/\/www.maisbn.com\/portal\/wp-json\/wp\/v2\/posts\/3949","targetHints":{"allow":["GET"]}}],"collection":[{"href":"https:\/\/www.maisbn.com\/portal\/wp-json\/wp\/v2\/posts"}],"about":[{"href":"https:\/\/www.maisbn.com\/portal\/wp-json\/wp\/v2\/types\/post"}],"author":[{"embeddable":true,"href":"https:\/\/www.maisbn.com\/portal\/wp-json\/wp\/v2\/users\/7"}],"replies":[{"embeddable":true,"href":"https:\/\/www.maisbn.com\/portal\/wp-json\/wp\/v2\/comments?post=3949"}],"version-history":[{"count":0,"href":"https:\/\/www.maisbn.com\/portal\/wp-json\/wp\/v2\/posts\/3949\/revisions"}],"wp:attachment":[{"href":"https:\/\/www.maisbn.com\/portal\/wp-json\/wp\/v2\/media?parent=3949"}],"wp:term":[{"taxonomy":"category","embeddable":true,"href":"https:\/\/www.maisbn.com\/portal\/wp-json\/wp\/v2\/categories?post=3949"},{"taxonomy":"post_tag","embeddable":true,"href":"https:\/\/www.maisbn.com\/portal\/wp-json\/wp\/v2\/tags?post=3949"}],"curies":[{"name":"wp","href":"https:\/\/api.w.org\/{rel}","templated":true}]}}