{"id":3929,"date":"2013-12-19T12:26:43","date_gmt":"2013-12-19T15:26:43","guid":{"rendered":"http:\/\/www.maisbn.com\/portal\/?p=3929"},"modified":"2013-12-29T21:25:55","modified_gmt":"2013-12-30T00:25:55","slug":"camara-faz-sessao-solene-e-a-prefeita-alice-se-pronuncia-agradecendo-pelo-apoio-neste-primeiro-ano-de-governo-2","status":"publish","type":"post","link":"https:\/\/www.maisbn.com\/portal\/2013\/12\/camara-faz-sessao-solene-e-a-prefeita-alice-se-pronuncia-agradecendo-pelo-apoio-neste-primeiro-ano-de-governo-2\/","title":{"rendered":"C\u00e2mara faz sess\u00e3o solene e a prefeita Alice faz pronunciamento."},"content":{"rendered":"<p>&nbsp;<\/p>\n<p>Nesta segunda-feira, \u00a016 de dezembro de 2013, foi a entrega de T\u00edtulo de Cidad\u00e3o Honor\u00e1rio de Belmonte. O evento contou com a participa\u00e7\u00e3o de v\u00e1rias autoridades, al\u00e9m de representantes de entidades, associa\u00e7\u00f5es, clubes de servi\u00e7o, convidados dos homenageados e da imprensa. O cerimonial e a assessoria parlamentar primaram por uma sess\u00e3o solene din\u00e2mica, enaltecendo os servi\u00e7os prestados de cada homenageado \u00e0 comunidade de Belmonte, atrav\u00e9s de um breve hist\u00f3rico de cada um dos agraciados. <a href=\"http:\/\/www.maisbn.com\/portal\/wp-content\/uploads\/2013\/12\/Camara_titulo.jpg\"><img loading=\"lazy\" decoding=\"async\" class=\"size-full wp-image-3934 aligncenter\" alt=\"Camara_titulo\" src=\"http:\/\/www.maisbn.com\/portal\/wp-content\/uploads\/2013\/12\/Camara_titulo.jpg\" width=\"650\" height=\"412\" srcset=\"https:\/\/www.maisbn.com\/portal\/wp-content\/uploads\/2013\/12\/Camara_titulo.jpg 650w, https:\/\/www.maisbn.com\/portal\/wp-content\/uploads\/2013\/12\/Camara_titulo-552x350.jpg 552w\" sizes=\"auto, (max-width: 650px) 100vw, 650px\" \/><\/a> A cerim\u00f4nia homenageou 14 cidad\u00e3os belmontenses que estiveram presentes no evento de reconhecimento realizado pela Casa Legislativa. S\u00e3o eles: Amilson Gon\u00e7alves Rodrigues, Pastor Cleosvaldo Ramos Oliveira, Fabricio dos Santos Neves, Ricardo Goes Lima, Elias Jos\u00e9 Elias, Luiz Henrique de Oliveira Costa, Tatiana Santana Campos, M\u00e1vila da Silva Reis, Uilson Jos\u00e9 dos Santos, Jos\u00e9 Tedesco, Jo\u00e3o Maria Pontini, Frei Denilson de Freitas da Silva, Dr. Rodrigo Paternostro Melo e Paulo Cezar Capirunga Santana. Al\u00e9m dos vereadores, se fizeram presentes a Sr\u00aa prefeita Alice Maria, a vice-prefeita Carla Xavier, o ex-prefeito I\u00eado Elias e sua ex-vice Dinah Nascimento.<\/p>\n<div id=\"attachment_3935\" style=\"width: 361px\" class=\"wp-caption alignleft\"><a href=\"http:\/\/www.maisbn.com\/portal\/wp-content\/uploads\/2013\/12\/alice.jpg\"><img loading=\"lazy\" decoding=\"async\" aria-describedby=\"caption-attachment-3935\" class=\" wp-image-3935   \" alt=\"Alice Brito - Prefeita de Belmonte\" src=\"http:\/\/www.maisbn.com\/portal\/wp-content\/uploads\/2013\/12\/alice.jpg\" width=\"351\" height=\"222\" srcset=\"https:\/\/www.maisbn.com\/portal\/wp-content\/uploads\/2013\/12\/alice.jpg 650w, https:\/\/www.maisbn.com\/portal\/wp-content\/uploads\/2013\/12\/alice-552x350.jpg 552w\" sizes=\"auto, (max-width: 351px) 100vw, 351px\" \/><\/a><p id=\"caption-attachment-3935\" class=\"wp-caption-text\">Alice Brito &#8211; Prefeita de Belmonte<\/p><\/div>\n<p>Todos fizeram seus depoimentos de agradecimento e desejaram boas festas ao povo belmontense. Quem aproveitou a oportunidade tamb\u00e9m foi a prefeita Alice Elias que declarou o seu amor pela cidade e as dificuldades que est\u00e1 tendo por causa das persegui\u00e7\u00f5es que assolam o seu governo. Ela deixou claro que n\u00e3o ir\u00e1 se curvar \u00e0s for\u00e7as pol\u00edticas que tentam desestabilizar o seu governo. A prefeita comentou em seu discurso que far\u00e1 um trabalho exemplar igual o que foi feito quando a mesma foi presidente da casa, pois foi em sua gest\u00e3o como presidente da C\u00e2mara de Vereadores que foi constru\u00edda a sede do poder legislativo de Belmonte. Outro ponto que ela frisou \u00e9 que a popula\u00e7\u00e3o tem que reclamar e participar ao governo o que est\u00e1 acontecendo no municipio para que os problemas sejam resolvidos. A prefeita Alice Elias se colocou em seu pronunciamento totalmente aberta a id\u00e9ias e solu\u00e7\u00f5es que tragam melhorias para a comunidade. Por fim, Alice agradeceu a todos pela for\u00e7a dada ao seu governo e prometeu se empenhar para que o pr\u00f3ximo ano seja de realiza\u00e7\u00f5es para a cidade. O plen\u00e1rio da C\u00e2mara ficou repleto com os cidad\u00e3os belmontenses homenageados com os seus familiares.\u00a0Ao final de duas horas, a Sess\u00e3o Solene foi encerrada pelo presidente da casa vereador Alvino Matos.<\/p>\n","protected":false},"excerpt":{"rendered":"<p>&nbsp; Nesta segunda-feira, \u00a016 de dezembro de 2013, foi a entrega de T\u00edtulo de Cidad\u00e3o Honor\u00e1rio de Belmonte. O evento contou com a participa\u00e7\u00e3o de v\u00e1rias autoridades, al\u00e9m de representantes de entidades, associa\u00e7\u00f5es, clubes de servi\u00e7o, convidados dos homenageados e da imprensa. O cerimonial e a assessoria parlamentar primaram por uma sess\u00e3o solene din\u00e2mica, enaltecendo [&hellip;]<\/p>\n","protected":false},"author":1,"featured_media":0,"comment_status":"closed","ping_status":"open","sticky":false,"template":"","format":"standard","meta":{"footnotes":""},"categories":[1],"tags":[108,101,308],"class_list":["post-3929","post","type-post","status-publish","format-standard","hentry","category-noticias","tag-belmonte","tag-belmonte-bahia-2","tag-prefeita-alice-elias"],"_links":{"self":[{"href":"https:\/\/www.maisbn.com\/portal\/wp-json\/wp\/v2\/posts\/3929","targetHints":{"allow":["GET"]}}],"collection":[{"href":"https:\/\/www.maisbn.com\/portal\/wp-json\/wp\/v2\/posts"}],"about":[{"href":"https:\/\/www.maisbn.com\/portal\/wp-json\/wp\/v2\/types\/post"}],"author":[{"embeddable":true,"href":"https:\/\/www.maisbn.com\/portal\/wp-json\/wp\/v2\/users\/1"}],"replies":[{"embeddable":true,"href":"https:\/\/www.maisbn.com\/portal\/wp-json\/wp\/v2\/comments?post=3929"}],"version-history":[{"count":0,"href":"https:\/\/www.maisbn.com\/portal\/wp-json\/wp\/v2\/posts\/3929\/revisions"}],"wp:attachment":[{"href":"https:\/\/www.maisbn.com\/portal\/wp-json\/wp\/v2\/media?parent=3929"}],"wp:term":[{"taxonomy":"category","embeddable":true,"href":"https:\/\/www.maisbn.com\/portal\/wp-json\/wp\/v2\/categories?post=3929"},{"taxonomy":"post_tag","embeddable":true,"href":"https:\/\/www.maisbn.com\/portal\/wp-json\/wp\/v2\/tags?post=3929"}],"curies":[{"name":"wp","href":"https:\/\/api.w.org\/{rel}","templated":true}]}}