{"id":3924,"date":"2013-12-19T10:16:21","date_gmt":"2013-12-19T13:16:21","guid":{"rendered":"http:\/\/www.maisbn.com\/portal\/?p=3924"},"modified":"2013-12-19T10:16:21","modified_gmt":"2013-12-19T13:16:21","slug":"site-do-canal-esportivo-espn-detona-santa-cruz-cabralia","status":"publish","type":"post","link":"https:\/\/www.maisbn.com\/portal\/2013\/12\/site-do-canal-esportivo-espn-detona-santa-cruz-cabralia\/","title":{"rendered":"Site do canal esportivo ESPN detona Santa Cruz Cabr\u00e1lia."},"content":{"rendered":"<p>&nbsp;<\/p>\n<p>&nbsp;<\/p>\n<p style=\"margin: 0px 0px 15px; padding: 0px; border: 0px; font-family: 'Open Sans',Tahoma,Verdana,Arial,sans-serif; font-size: 14px; line-height: 23.799999237060547px; vertical-align: baseline; color: #535353; text-align: justify;\"><a href=\"http:\/\/www.maisbn.com\/portal\/wp-content\/uploads\/2013\/12\/santacruzcabralia.jpg\"><img loading=\"lazy\" decoding=\"async\" class=\"alignleft size-full wp-image-3925\" alt=\"santacruzcabralia\" src=\"http:\/\/www.maisbn.com\/portal\/wp-content\/uploads\/2013\/12\/santacruzcabralia.jpg\" width=\"300\" height=\"228\" \/><\/a>O site do canal ESPN, detonou literalmente a escolha de Cabr\u00e1lia como\u00a0<strong style=\"margin: 0px; padding: 0px; border: 0px; font-family: inherit; font-size: inherit; font-style: inherit; font-variant: inherit; line-height: inherit; vertical-align: baseline;\">\u201ca casa da Alemanha\u201d<\/strong>na Copa do Mundo 2014. O jornalista, Paulo Cobos, mostrou as mazelas que anos de descaso pelo poder p\u00fablico, refletem agora como<strong style=\"margin: 0px; padding: 0px; border: 0px; font-family: inherit; font-size: inherit; font-style: inherit; font-variant: inherit; line-height: inherit; vertical-align: baseline;\">\u00a0\u201cm\u00eddia espont\u00e2nea\u201d<\/strong>\u00a0para o munic\u00edpio.<\/p>\n<p style=\"margin: 0px 0px 15px; padding: 0px; border: 0px; font-family: 'Open Sans',Tahoma,Verdana,Arial,sans-serif; font-size: 14px; line-height: 23.799999237060547px; vertical-align: baseline; color: #535353; text-align: justify;\">Confira alguns trechos da mat\u00e9ria:<\/p>\n<p style=\"margin: 0px 0px 15px; padding: 0px; border: 0px; font-family: 'Open Sans',Tahoma,Verdana,Arial,sans-serif; font-size: 14px; line-height: 23.799999237060547px; vertical-align: baseline; color: #535353; text-align: justify;\"><strong style=\"margin: 0px; padding: 0px; border: 0px; font-family: inherit; font-size: inherit; font-style: inherit; font-variant: inherit; line-height: inherit; vertical-align: baseline;\"><span style=\"margin: 0px; padding: 0px; border: 0px; font-family: inherit; font-size: inherit; font-style: inherit; font-variant: inherit; font-weight: inherit; line-height: inherit; vertical-align: baseline; color: #ff0000;\">\u201cA praia realmente \u00e9 um para\u00edso. Mas localizada em uma cidade com muita pobreza e atraso. Segundo o \u00faltimo levantamento feito pela ONU sobre o desenvolvimento humano das 5.565 cidades do Brasil, Cabr\u00e1lia aparece apenas na 3.030\u00aa posi\u00e7\u00e3o, certamente a pior de um munic\u00edpio que vai abrigar uma sele\u00e7\u00e3o durante a Copa do Mundo. O \u00edndice da \u201ccasa alem\u00e3\u201d na Copa \u00e9 igual ou pr\u00f3xima a de pa\u00edses como Filipinas, Uzbequist\u00e3o e S\u00edria.\u00a0<\/span><\/strong><\/p>\n<p style=\"margin: 0px 0px 15px; padding: 0px; border: 0px; font-family: 'Open Sans',Tahoma,Verdana,Arial,sans-serif; font-size: 14px; line-height: 23.799999237060547px; vertical-align: baseline; color: #535353; text-align: justify;\"><strong style=\"margin: 0px; padding: 0px; border: 0px; font-family: inherit; font-size: inherit; font-style: inherit; font-variant: inherit; line-height: inherit; vertical-align: baseline;\"><span style=\"margin: 0px; padding: 0px; border: 0px; font-family: inherit; font-size: inherit; font-style: inherit; font-variant: inherit; font-weight: inherit; line-height: inherit; vertical-align: baseline; color: #ff0000;\">O que mais ajuda a derrubar o desenvolvimento de Cabr\u00e1lia, segundo a ONU, \u00e9 a educa\u00e7\u00e3o.\u00a0No Ideb, programa do governo criado para avaliar a qualidade do ensino fundamental nos munic\u00edpios brasileiros, a cidade da Alemanha na Copa aparece na 4.327\u00aa posi\u00e7\u00e3o entre os alunos da quarta s\u00e9rie e 3.647\u00aa no caso dos alunos da oitava s\u00e9rie. E em mais da metade das escolas de Cabr\u00e1lia os alunos n\u00e3o atigiram a meta ou tiveram queda de rendimento.<\/span><\/strong><\/p>\n<p style=\"margin: 0px 0px 15px; padding: 0px; border: 0px; font-family: 'Open Sans',Tahoma,Verdana,Arial,sans-serif; font-size: 14px; line-height: 23.799999237060547px; vertical-align: baseline; color: #535353; text-align: justify;\"><strong style=\"margin: 0px; padding: 0px; border: 0px; font-family: inherit; font-size: inherit; font-style: inherit; font-variant: inherit; line-height: inherit; vertical-align: baseline;\"><span style=\"margin: 0px; padding: 0px; border: 0px; font-family: inherit; font-size: inherit; font-style: inherit; font-variant: inherit; font-weight: inherit; line-height: inherit; vertical-align: baseline; color: #ff0000;\">Ainda de acordo com o IBGE, 17,3% da popula\u00e7\u00e3o da cidade baiana est\u00e1 abaixo da linha de indig\u00eancia: ou seja, vivem com uma renda inferior a R$ 70 por m\u00eas.<\/span><\/strong><\/p>\n<p style=\"margin: 0px 0px 15px; padding: 0px; border: 0px; font-family: 'Open Sans',Tahoma,Verdana,Arial,sans-serif; font-size: 14px; line-height: 23.799999237060547px; vertical-align: baseline; color: #535353; text-align: justify;\"><strong style=\"margin: 0px; padding: 0px; border: 0px; font-family: inherit; font-size: inherit; font-style: inherit; font-variant: inherit; line-height: inherit; vertical-align: baseline;\"><span style=\"margin: 0px; padding: 0px; border: 0px; font-family: inherit; font-size: inherit; font-style: inherit; font-variant: inherit; font-weight: inherit; line-height: inherit; vertical-align: baseline; color: #ff0000;\">Apesar de avan\u00e7os not\u00e1veis neste s\u00e9culo, menos da metade dos habiantes de Santa Cruz Cabr\u00e1lia tem acesso a redes de esgotos adequada.\u00a0<\/span><\/strong><\/p>\n<p style=\"margin: 0px 0px 15px; padding: 0px; border: 0px; font-family: 'Open Sans',Tahoma,Verdana,Arial,sans-serif; font-size: 14px; line-height: 23.799999237060547px; vertical-align: baseline; color: #535353; text-align: justify;\"><strong style=\"margin: 0px; padding: 0px; border: 0px; font-family: inherit; font-size: inherit; font-style: inherit; font-variant: inherit; line-height: inherit; vertical-align: baseline;\"><span style=\"margin: 0px; padding: 0px; border: 0px; font-family: inherit; font-size: inherit; font-style: inherit; font-variant: inherit; font-weight: inherit; line-height: inherit; vertical-align: baseline; color: #ff0000;\">A cidade ainda corre risco consider\u00e1vel de viver uma epidemia de dengue, preocupa\u00e7\u00e3o de turistas estrangeiros que pensam em estar no Brasil durante a Copa do Mundo.\u201d<\/span><\/strong><\/p>\n<h2 style=\"margin: 0px; padding: 0px; border: 0px; font-family: 'Open Sans',Tahoma,Verdana,Arial,sans-serif; line-height: 40px; vertical-align: baseline; color: #444444; text-align: center;\"><span style=\"margin: 0px; padding: 0px; border: 0px; font-family: inherit; font-style: inherit; font-variant: inherit; font-weight: inherit; line-height: inherit; vertical-align: baseline; color: #000000;\"><span>Leia mat\u00e9ria na integra em: \u00a0<a href=\"http:\/\/www.espn.com.br\/noticia\/376777_paraiso-alemao-tem-dengue-escolas-ruins-e-atraso\" target=\"_blank\">http:\/\/www.espn.com.br\/<wbr><\/wbr>noticia\/376777_paraiso-alemao-<wbr><\/wbr>tem-dengue-escolas-ruins-e-<wbr><\/wbr>atraso<\/a><\/span><\/span><\/h2>\n<p style=\"margin: 0px 0px 15px; padding: 0px; border: 0px; font-family: 'Open Sans',Tahoma,Verdana,Arial,sans-serif; font-size: 14px; line-height: 23.799999237060547px; vertical-align: baseline; color: #535353; text-align: justify;\">A assessoria de imprensa da prefeitura respondeu, dando a entender que tudo n\u00e3o passa de ci\u00fames pela escolha alem\u00e3 ter sido feita pela Bahia:<em style=\"margin: 0px; padding: 0px; border: 0px; font-family: inherit; font-size: inherit; font-variant: inherit; font-weight: inherit; line-height: inherit; vertical-align: baseline;\"><strong style=\"margin: 0px; padding: 0px; border: 0px; font-family: inherit; font-size: inherit; font-style: inherit; font-variant: inherit; line-height: inherit; vertical-align: baseline;\">\u00a0\u201c\u00a0Realmente deve estar dif\u00edcil S\u00e3o Paulo engolir a not\u00edcia de que a Bahia receber\u00e1 03 Sele\u00e7\u00f5es, estando entre elas a tri campe\u00e3 mundial, uma das preferidas \u00e0 final. Coloque para a gente os \u00edndices de S\u00e3o Paulo: como est\u00e3o os homic\u00eddios? A polui\u00e7\u00e3o? O tr\u00e2nsito? O que ocorre quando chove? Desculpem-me caros colegas, mas de imprensa marrom e mat\u00e9rias encomendadas estamos cheios. Ah, voc\u00eas ser\u00e3o muito bem vindos \u00e0 Santa Cruz Cabr\u00e1lia, viu?! E com certeza ficar\u00e3o t\u00e3o encantados quanto os alem\u00e3es\u201d, respondeu Bruna Eugenia, assessora de comunica\u00e7\u00e3o de Santa Cruz Cabr\u00e1lia.<\/strong><\/em><\/p>\n<p style=\"margin: 0px 0px 15px; padding: 0px; border: 0px; font-family: 'Open Sans',Tahoma,Verdana,Arial,sans-serif; font-size: 14px; line-height: 23.799999237060547px; vertical-align: baseline; color: #535353; text-align: justify;\"><strong style=\"margin: 0px; padding: 0px; border: 0px; font-family: inherit; font-size: inherit; font-style: inherit; font-variant: inherit; line-height: inherit; vertical-align: baseline;\">Namidia Comunica\u00e7\u00e3o<br \/>\n<\/strong><\/p>\n","protected":false},"excerpt":{"rendered":"<p>&nbsp; &nbsp; O site do canal ESPN, detonou literalmente a escolha de Cabr\u00e1lia como\u00a0\u201ca casa da Alemanha\u201dna Copa do Mundo 2014. O jornalista, Paulo Cobos, mostrou as mazelas que anos de descaso pelo poder p\u00fablico, refletem agora como\u00a0\u201cm\u00eddia espont\u00e2nea\u201d\u00a0para o munic\u00edpio. Confira alguns trechos da mat\u00e9ria: \u201cA praia realmente \u00e9 um para\u00edso. Mas localizada em [&hellip;]<\/p>\n","protected":false},"author":7,"featured_media":0,"comment_status":"closed","ping_status":"open","sticky":false,"template":"","format":"standard","meta":{"footnotes":""},"categories":[45,1],"tags":[146,91],"class_list":["post-3924","post","type-post","status-publish","format-standard","hentry","category-cidades","category-noticias","tag-cabralia-bahia","tag-santa-cruz-cabralia"],"_links":{"self":[{"href":"https:\/\/www.maisbn.com\/portal\/wp-json\/wp\/v2\/posts\/3924","targetHints":{"allow":["GET"]}}],"collection":[{"href":"https:\/\/www.maisbn.com\/portal\/wp-json\/wp\/v2\/posts"}],"about":[{"href":"https:\/\/www.maisbn.com\/portal\/wp-json\/wp\/v2\/types\/post"}],"author":[{"embeddable":true,"href":"https:\/\/www.maisbn.com\/portal\/wp-json\/wp\/v2\/users\/7"}],"replies":[{"embeddable":true,"href":"https:\/\/www.maisbn.com\/portal\/wp-json\/wp\/v2\/comments?post=3924"}],"version-history":[{"count":0,"href":"https:\/\/www.maisbn.com\/portal\/wp-json\/wp\/v2\/posts\/3924\/revisions"}],"wp:attachment":[{"href":"https:\/\/www.maisbn.com\/portal\/wp-json\/wp\/v2\/media?parent=3924"}],"wp:term":[{"taxonomy":"category","embeddable":true,"href":"https:\/\/www.maisbn.com\/portal\/wp-json\/wp\/v2\/categories?post=3924"},{"taxonomy":"post_tag","embeddable":true,"href":"https:\/\/www.maisbn.com\/portal\/wp-json\/wp\/v2\/tags?post=3924"}],"curies":[{"name":"wp","href":"https:\/\/api.w.org\/{rel}","templated":true}]}}