{"id":3913,"date":"2013-12-18T19:00:52","date_gmt":"2013-12-18T22:00:52","guid":{"rendered":"http:\/\/www.maisbn.com\/portal\/?p=3913"},"modified":"2013-12-18T19:04:18","modified_gmt":"2013-12-18T22:04:18","slug":"belmonte-recebe-mais-dois-medicos-do-programa-mais-medicos","status":"publish","type":"post","link":"https:\/\/www.maisbn.com\/portal\/2013\/12\/belmonte-recebe-mais-dois-medicos-do-programa-mais-medicos\/","title":{"rendered":"Belmonte recebe mais dois m\u00e9dicos do Programa Mais M\u00e9dicos."},"content":{"rendered":"<p>&nbsp;<\/p>\n<p>&nbsp;<\/p>\n<p>&nbsp;<\/p>\n<p><a href=\"http:\/\/www.maisbn.com\/portal\/wp-content\/uploads\/2013\/12\/maismedicos2.jpg\"><img loading=\"lazy\" decoding=\"async\" class=\"size-full wp-image-3916 alignleft\" alt=\"maismedicos2\" src=\"http:\/\/www.maisbn.com\/portal\/wp-content\/uploads\/2013\/12\/maismedicos2.jpg\" width=\"324\" height=\"257\" \/><\/a>O munic\u00edpio de Belmonte se cadastrou no Programa do Governo Federal, Mais M\u00e9dicos, e recebeu esta semana mais dois m\u00e9dicos, totalizando assim o \u00fanico munic\u00edpio da macro regi\u00e3o a ter tr\u00eas m\u00e9dicos cubanos.<\/p>\n<p style=\"text-align: justify;\">Os m\u00e9dicos estiveram em Barrol\u00e2ndia juntamente com a secretaria de sa\u00fade Ana M\u00e1rcia visitando as depend\u00eancias do hospital e dos PSF. O Dr. Felix Alberto e sua esposa v\u00e3o atender em Barrol\u00e2ndia, e a Dra. Yurina Riverson Castro, ficar\u00e1 atendendo nos PSF em Belmonte<\/p>\n<p style=\"text-align: justify;\">Sobre o Mais M\u00e9dico<\/p>\n<p style=\"text-align: justify;\">O Programa Mais M\u00e9dicos faz parte de um amplo pacto de melhoria do atendimento aos usu\u00e1rios do Sistema \u00danico de Sa\u00fade, que tem como objetivo levar mais m\u00e9dicos para todas as regi\u00f5es do\u00a0pa\u00eds. Os m\u00e9dicos do Programa Mais M\u00e9dicos atuar\u00e3o\u00a0na Aten\u00e7\u00e3o Prim\u00e1ria dos munic\u00edpios.<\/p>\n<p style=\"text-align: justify;\"><a href=\"http:\/\/www.maisbn.com\/portal\/wp-content\/uploads\/2013\/12\/maismedicos.jpg\"><img loading=\"lazy\" decoding=\"async\" class=\"alignright size-full wp-image-3915\" alt=\"maismedicos\" src=\"http:\/\/www.maisbn.com\/portal\/wp-content\/uploads\/2013\/12\/maismedicos.jpg\" width=\"320\" height=\"222\" \/><\/a>O programa trar\u00e1 benef\u00edcios para o munic\u00edpio como:\u00a0o\u00a0m\u00e9dico dever\u00e1 cumprir a carga hor\u00e1ria de 40 horas semanais no PSF,\u00a0 estando o mesmo atuando apenas no PSF, o que aumenta o v\u00ednculo com a comunidade que \u00e9 um dos princ\u00edpios da Aten\u00e7\u00e3o Prim\u00e1ria.<\/p>\n<p style=\"text-align: justify;\">Al\u00e9m disso, este profissional\u00a0 receber\u00e1 uma bolsa mensal no valor de R$ 10.000,00 (dez mil reais),\u00a0 paga pelo Governo Federal, sendo de responsabilidade do munic\u00edpio apenas a hospedagem e alimenta\u00e7\u00e3o do mesmo, o que impacta na diminui\u00e7\u00e3o das despesas do munic\u00edpio.<\/p>\n<p style=\"text-align: justify;\">Os m\u00e9dicos est\u00e3o alocados na cidade e est\u00e1 entre os 3 mil m\u00e9dicos de uma segunda fase da segunda etapa do programa Mais M\u00e9dicos.<\/p>\n<p style=\"text-align: justify;\">A Prefeita Alice Maria, disse que \u201ca sa\u00fade \u00e9 algo valios\u00edssimo para as pessoas, e nesse intuito estamos juntos para proporcionar uma melhor condi\u00e7\u00e3o de vida. Venho aqui d\u00e1 as boas-vindas a esse trio de m\u00e9dicos e destacar a import\u00e2ncia deles para contribuir com uma sa\u00fade melhor para a nossa popula\u00e7\u00e3o\u201d, destacou a prefeita.<\/p>\n","protected":false},"excerpt":{"rendered":"<p>&nbsp; &nbsp; &nbsp; O munic\u00edpio de Belmonte se cadastrou no Programa do Governo Federal, Mais M\u00e9dicos, e recebeu esta semana mais dois m\u00e9dicos, totalizando assim o \u00fanico munic\u00edpio da macro regi\u00e3o a ter tr\u00eas m\u00e9dicos cubanos. Os m\u00e9dicos estiveram em Barrol\u00e2ndia juntamente com a secretaria de sa\u00fade Ana M\u00e1rcia visitando as depend\u00eancias do hospital e [&hellip;]<\/p>\n","protected":false},"author":7,"featured_media":0,"comment_status":"closed","ping_status":"open","sticky":false,"template":"","format":"standard","meta":{"footnotes":""},"categories":[1,28],"tags":[108,101,449],"class_list":["post-3913","post","type-post","status-publish","format-standard","hentry","category-noticias","category-saude-noticias","tag-belmonte","tag-belmonte-bahia-2","tag-programa-mais-medicos"],"_links":{"self":[{"href":"https:\/\/www.maisbn.com\/portal\/wp-json\/wp\/v2\/posts\/3913","targetHints":{"allow":["GET"]}}],"collection":[{"href":"https:\/\/www.maisbn.com\/portal\/wp-json\/wp\/v2\/posts"}],"about":[{"href":"https:\/\/www.maisbn.com\/portal\/wp-json\/wp\/v2\/types\/post"}],"author":[{"embeddable":true,"href":"https:\/\/www.maisbn.com\/portal\/wp-json\/wp\/v2\/users\/7"}],"replies":[{"embeddable":true,"href":"https:\/\/www.maisbn.com\/portal\/wp-json\/wp\/v2\/comments?post=3913"}],"version-history":[{"count":0,"href":"https:\/\/www.maisbn.com\/portal\/wp-json\/wp\/v2\/posts\/3913\/revisions"}],"wp:attachment":[{"href":"https:\/\/www.maisbn.com\/portal\/wp-json\/wp\/v2\/media?parent=3913"}],"wp:term":[{"taxonomy":"category","embeddable":true,"href":"https:\/\/www.maisbn.com\/portal\/wp-json\/wp\/v2\/categories?post=3913"},{"taxonomy":"post_tag","embeddable":true,"href":"https:\/\/www.maisbn.com\/portal\/wp-json\/wp\/v2\/tags?post=3913"}],"curies":[{"name":"wp","href":"https:\/\/api.w.org\/{rel}","templated":true}]}}