{"id":3888,"date":"2013-12-16T15:13:43","date_gmt":"2013-12-16T18:13:43","guid":{"rendered":"http:\/\/www.maisbn.com\/portal\/?p=3888"},"modified":"2013-12-16T15:13:43","modified_gmt":"2013-12-16T18:13:43","slug":"alemanha-vai-construir-seu-proprio-ct-na-costa-do-descobrimento","status":"publish","type":"post","link":"https:\/\/www.maisbn.com\/portal\/2013\/12\/alemanha-vai-construir-seu-proprio-ct-na-costa-do-descobrimento\/","title":{"rendered":"Alemanha vai construir seu pr\u00f3prio CT na Costa do Descobrimento."},"content":{"rendered":"<p>&nbsp;<\/p>\n<p><a href=\"http:\/\/www.maisbn.com\/portal\/wp-content\/uploads\/2013\/12\/alemanha_d3.jpg\"><img loading=\"lazy\" decoding=\"async\" class=\"size-full wp-image-3889 alignnone\" alt=\"alemanha_d3\" src=\"http:\/\/www.maisbn.com\/portal\/wp-content\/uploads\/2013\/12\/alemanha_d3.jpg\" width=\"577\" height=\"325\" srcset=\"https:\/\/www.maisbn.com\/portal\/wp-content\/uploads\/2013\/12\/alemanha_d3.jpg 640w, https:\/\/www.maisbn.com\/portal\/wp-content\/uploads\/2013\/12\/alemanha_d3-620x350.jpg 620w\" sizes=\"auto, (max-width: 577px) 100vw, 577px\" \/><\/a><\/p>\n<p>&nbsp;<\/p>\n<p>A Federa\u00e7\u00e3o Alem\u00e3 de Futebol (DFB) escolheu a Vila de Santo Andr\u00e9, munic\u00edpio de Santa Cruz Cabr\u00e1lia, extremo sul da Bahia, como base da sele\u00e7\u00e3o de Joachim L\u00f6w na Copa do Mundo de 2014. Segundo o jornal &#8220;Bild&#8221;, a entidade vai bancar a constru\u00e7\u00e3o de um centro de treinamento na regi\u00e3o.<\/p>\n<p>De acordo com a reportagem, o &#8220;Camp Bahia&#8221;, nome atribu\u00eddo ao futuro &#8220;quartel-general&#8221; da equipe, ser\u00e1 um complexo fechado com 13 casas, com 65 quartos e uma &#8220;atmosfera de vila&#8221;, um campo de futebol e um centro de imprensa. A previs\u00e3o \u00e9 que a constru\u00e7\u00e3o seja conclu\u00edda em mar\u00e7o de 2014.<\/p>\n<p>A equipe comandada por L\u00f6w poderia utilizar o aeroporto de Porto Seguro, situado a 30 quil\u00f4metros, cerca de 45 minutos, para os deslocamentos a Salvador, Recife e Fortaleza, onde a Alemanha disputar\u00e1 as partidas da primeira fase no Grupo G. Todos os locais de jogos ficariam a no m\u00e1ximo duas horas de voo.<\/p>\n<p><a href=\"http:\/\/www.maisbn.com\/portal\/wp-content\/uploads\/2013\/12\/alemanha_d.jpg\"><img loading=\"lazy\" decoding=\"async\" class=\"alignright size-full wp-image-3890\" alt=\"alemanha_d\" src=\"http:\/\/www.maisbn.com\/portal\/wp-content\/uploads\/2013\/12\/alemanha_d.jpg\" width=\"316\" height=\"234\" \/><\/a>Vimos na Copa do Mundo de 2010 que dist\u00e2ncias pequenas entre a sede da equipe, os campos de treinamentos e o centro de m\u00eddia s\u00e3o cruciais para todos os envolvidos. Foi importante para n\u00f3s minimizar qualquer cansa\u00e7o das viagens devido ao tamanho do pa\u00eds e das dist\u00e2ncias grandes entre as cidades &#8211; disse o gerente da equipe, o ex-atacante Oliver Bierhoff.<\/p>\n<p>A DFB recebeu o apoio de v\u00e1rios patrocinadores para a constru\u00e7\u00e3o do complexo, atribu\u00edda a uma empresa de Munique.<\/p>\n<p>&#8211; Os patrocinadores da DFB ajudam financeiramente. Sei que a Mercedes \u00e9 uma -, afirmou Siegfried Michler, gerente de hotel de origem alem\u00e3.<\/p>\n<p>Cabe\u00e7a de chave do Grupo G da Copa do Mundo, a Alemanha vai enfrentar na primeira fase Portugal, em Salvador, em 16 de junho, Gana, dia 21, em Fortaleza, e Estados Unidos, dia 26, no Recife. A prepara\u00e7\u00e3o da sele\u00e7\u00e3o come\u00e7ar\u00e1 na It\u00e1lia, em 21 de maio. A equipe disputar\u00e1 amistosos em 1\u00ba e 6 de junho, e tem viagem marcada para o Brasil no dia 7. Antes, enfrentar\u00e1 o Chile em 5 de mar\u00e7o e a Pol\u00f4nia em 13 de maio.<\/p>\n","protected":false},"excerpt":{"rendered":"<p>&nbsp; &nbsp; A Federa\u00e7\u00e3o Alem\u00e3 de Futebol (DFB) escolheu a Vila de Santo Andr\u00e9, munic\u00edpio de Santa Cruz Cabr\u00e1lia, extremo sul da Bahia, como base da sele\u00e7\u00e3o de Joachim L\u00f6w na Copa do Mundo de 2014. Segundo o jornal &#8220;Bild&#8221;, a entidade vai bancar a constru\u00e7\u00e3o de um centro de treinamento na regi\u00e3o. De acordo [&hellip;]<\/p>\n","protected":false},"author":7,"featured_media":0,"comment_status":"closed","ping_status":"open","sticky":false,"template":"","format":"standard","meta":{"footnotes":""},"categories":[29,1],"tags":[403,91],"class_list":["post-3888","post","type-post","status-publish","format-standard","hentry","category-empreendimentos","category-noticias","tag-cabralia","tag-santa-cruz-cabralia"],"_links":{"self":[{"href":"https:\/\/www.maisbn.com\/portal\/wp-json\/wp\/v2\/posts\/3888","targetHints":{"allow":["GET"]}}],"collection":[{"href":"https:\/\/www.maisbn.com\/portal\/wp-json\/wp\/v2\/posts"}],"about":[{"href":"https:\/\/www.maisbn.com\/portal\/wp-json\/wp\/v2\/types\/post"}],"author":[{"embeddable":true,"href":"https:\/\/www.maisbn.com\/portal\/wp-json\/wp\/v2\/users\/7"}],"replies":[{"embeddable":true,"href":"https:\/\/www.maisbn.com\/portal\/wp-json\/wp\/v2\/comments?post=3888"}],"version-history":[{"count":0,"href":"https:\/\/www.maisbn.com\/portal\/wp-json\/wp\/v2\/posts\/3888\/revisions"}],"wp:attachment":[{"href":"https:\/\/www.maisbn.com\/portal\/wp-json\/wp\/v2\/media?parent=3888"}],"wp:term":[{"taxonomy":"category","embeddable":true,"href":"https:\/\/www.maisbn.com\/portal\/wp-json\/wp\/v2\/categories?post=3888"},{"taxonomy":"post_tag","embeddable":true,"href":"https:\/\/www.maisbn.com\/portal\/wp-json\/wp\/v2\/tags?post=3888"}],"curies":[{"name":"wp","href":"https:\/\/api.w.org\/{rel}","templated":true}]}}