{"id":3867,"date":"2013-12-12T19:06:17","date_gmt":"2013-12-12T22:06:17","guid":{"rendered":"http:\/\/www.maisbn.com\/portal\/?p=3867"},"modified":"2013-12-12T19:09:05","modified_gmt":"2013-12-12T22:09:05","slug":"cabralia-perde-centro-de-treinamento-da-selecao-alema-para-porto-seguro-2","status":"publish","type":"post","link":"https:\/\/www.maisbn.com\/portal\/2013\/12\/cabralia-perde-centro-de-treinamento-da-selecao-alema-para-porto-seguro-2\/","title":{"rendered":"Cabr\u00e1lia pode perder centro de treinamento da sele\u00e7\u00e3o alem\u00e3 para Porto Seguro."},"content":{"rendered":"<p>&nbsp;<\/p>\n<p>&nbsp;<\/p>\n<p class=\"MsoNormal\"><span style=\"font-size: 12.0pt; font-family: 'Verdana','sans-serif';\"><a href=\"http:\/\/www.maisbn.com\/portal\/wp-content\/uploads\/2013\/12\/copa_cabralia.jpg\"><img loading=\"lazy\" decoding=\"async\" class=\"alignleft size-full wp-image-3863\" alt=\"copa_cabralia\" src=\"http:\/\/www.maisbn.com\/portal\/wp-content\/uploads\/2013\/12\/copa_cabralia.jpg\" width=\"298\" height=\"260\" \/><\/a>A falta de comprometimento ou a morosidade da prefeitura municipal de Cabr\u00e1lia com os preparativos da Copa do Mundo 2014, tem causado preju\u00edzos a imagem da cidade, no cen\u00e1rio nacional e at\u00e9 mundial.<\/span><\/p>\n<p class=\"MsoNormal\"><span style=\"font-size: 12.0pt; font-family: 'Verdana','sans-serif';\">Desde a \u00faltima sexta-feira(06), quando foi realizado o sorteio dos jogos da Copa, ficou confirmado que a sele\u00e7\u00e3o da Alemanha, teria como centro de treinamentos, o Vilarejo de Santo Andr\u00e9 em Cabr\u00e1lia. De l\u00e1, para c\u00e1, o que se viu na imprensa e na divulga\u00e7\u00e3o por parte dos \u00f3rg\u00e3os oficiais \u00e9 que a sele\u00e7\u00e3o Alem\u00e3 ficaria em Porto Seguro.<\/span><\/p>\n<p class=\"MsoNormal\"><span style=\"font-size: 12.0pt; font-family: 'Verdana','sans-serif';\">Nesta quarta-feira(11), o portal da Copa 2014, site oficial criado pelo governo federal brasileiro sobre a Copa do Mundo Fifa 2014, divulgaram a mat\u00e9ria, \u201cB\u00f3snios, su\u00ed\u00e7os e alem\u00e3es visitam CTS em Porto Seguro\u201d, e nem fez men\u00e7\u00e3o sobre Cabr\u00e1lia.<\/span><\/p>\n<p class=\"MsoNormal\"><span style=\"font-size: 12.0pt; font-family: 'Verdana','sans-serif';\">No \u00faltimo S\u00e1bado(07), a delega\u00e7\u00e3o Alem\u00e3 esteve em Santo Andr\u00e9, junto com o secret\u00e1rio da SECOPA, Ney Campelo e almo\u00e7aram com o vice prefeito de Porto Seguro, Beto Axe\u00b4moi, o presidente da C\u00e2mara de vereadores de Porto Seguro, Paulinho T\u00f4a T\u00f4a, o secret\u00e1rio de assuntos institucionais e esposo da prefeita de Porto Seguro, Rob\u00e9rio Oliveira e representantes de entidades ligados ao trade tur\u00edstico.<\/span><\/p>\n<p class=\"MsoNormal\"><span style=\"font-size: 12.0pt; font-family: 'Verdana','sans-serif';\">O prefeito de Cabr\u00e1lia, Jorge Pontes e uns 2 ou 3 assessores, passaram rapidamente pelo local e foram embora, talvez porque n\u00e3o dimensionaram ainda a m\u00eddia que um evento desse porte pode gerar para o munic\u00edpio e o retorno de turistas apos a Copa.<\/span><\/p>\n<p class=\"MsoNormal\"><span style=\"font-size: 12.0pt; font-family: 'Verdana','sans-serif';\">Enquanto Porto Seguro respira a Copa, tanto por parte do executivo e do legislativo, tanto por parte da iniciativa privada, Cabr\u00e1lia parece que escolheu o papel de ser apenas dormit\u00f3rio e uma extens\u00e3o territorial da cidade vizinha.<\/span><\/p>\n<p class=\"MsoNormal\"><span style=\"font-size: 12.0pt; font-family: 'Verdana','sans-serif';\">Um evento desse porte, jamais poderia ser tratado de forma t\u00e3o amadora, deixando apenas uma meia d\u00fazia de gatos pingados revoltados em suas redes sociais a culpar a imprensa pela letargia da administra\u00e7\u00e3o p\u00fablica. \u00c9 uma pena ver uma cidade com o potencial e a oportunidade que tem Cabr\u00e1lia, deixar passar essa oportunidade. Ainda h\u00e1 tempo, cabe agora ao prefeito Jorge Pontes, mudar o rumo dessa hist\u00f3ria e mostrar Santa Cruz Cabr\u00e1lia para o mundo.<\/span><\/p>\n<p class=\"MsoNormal\"><em><strong>Informa\u00e7\u00f5es:<\/strong><\/em> <strong>Nam\u00eddia Comunica\u00e7\u00e3o<\/strong><\/p>\n","protected":false},"excerpt":{"rendered":"<p>&nbsp; &nbsp; A falta de comprometimento ou a morosidade da prefeitura municipal de Cabr\u00e1lia com os preparativos da Copa do Mundo 2014, tem causado preju\u00edzos a imagem da cidade, no cen\u00e1rio nacional e at\u00e9 mundial. Desde a \u00faltima sexta-feira(06), quando foi realizado o sorteio dos jogos da Copa, ficou confirmado que a sele\u00e7\u00e3o da Alemanha, [&hellip;]<\/p>\n","protected":false},"author":7,"featured_media":0,"comment_status":"closed","ping_status":"open","sticky":false,"template":"","format":"standard","meta":{"footnotes":""},"categories":[45,1],"tags":[403,91],"class_list":["post-3867","post","type-post","status-publish","format-standard","hentry","category-cidades","category-noticias","tag-cabralia","tag-santa-cruz-cabralia"],"_links":{"self":[{"href":"https:\/\/www.maisbn.com\/portal\/wp-json\/wp\/v2\/posts\/3867","targetHints":{"allow":["GET"]}}],"collection":[{"href":"https:\/\/www.maisbn.com\/portal\/wp-json\/wp\/v2\/posts"}],"about":[{"href":"https:\/\/www.maisbn.com\/portal\/wp-json\/wp\/v2\/types\/post"}],"author":[{"embeddable":true,"href":"https:\/\/www.maisbn.com\/portal\/wp-json\/wp\/v2\/users\/7"}],"replies":[{"embeddable":true,"href":"https:\/\/www.maisbn.com\/portal\/wp-json\/wp\/v2\/comments?post=3867"}],"version-history":[{"count":0,"href":"https:\/\/www.maisbn.com\/portal\/wp-json\/wp\/v2\/posts\/3867\/revisions"}],"wp:attachment":[{"href":"https:\/\/www.maisbn.com\/portal\/wp-json\/wp\/v2\/media?parent=3867"}],"wp:term":[{"taxonomy":"category","embeddable":true,"href":"https:\/\/www.maisbn.com\/portal\/wp-json\/wp\/v2\/categories?post=3867"},{"taxonomy":"post_tag","embeddable":true,"href":"https:\/\/www.maisbn.com\/portal\/wp-json\/wp\/v2\/tags?post=3867"}],"curies":[{"name":"wp","href":"https:\/\/api.w.org\/{rel}","templated":true}]}}