{"id":3847,"date":"2013-12-11T12:48:31","date_gmt":"2013-12-11T15:48:31","guid":{"rendered":"http:\/\/www.maisbn.com\/portal\/?p=3847"},"modified":"2013-12-11T12:50:38","modified_gmt":"2013-12-11T15:50:38","slug":"buracos-na-ba-001-causam-acidentes-e-colocam-a-vida-de-pessoas-em-risco","status":"publish","type":"post","link":"https:\/\/www.maisbn.com\/portal\/2013\/12\/buracos-na-ba-001-causam-acidentes-e-colocam-a-vida-de-pessoas-em-risco\/","title":{"rendered":"Buracos na BA-001 causam acidentes e colocam a vida de pessoas em risco."},"content":{"rendered":"<p>&nbsp;<\/p>\n<p>&nbsp;<\/p>\n<p>&nbsp;<\/p>\n<p>&nbsp;<\/p>\n<p class=\"MsoNormal\"><a href=\"http:\/\/www.maisbn.com\/portal\/wp-content\/uploads\/2013\/12\/estrada-01.jpg\"><img loading=\"lazy\" decoding=\"async\" class=\"alignleft size-full wp-image-3840\" alt=\"estrada 01\" src=\"http:\/\/www.maisbn.com\/portal\/wp-content\/uploads\/2013\/12\/estrada-01.jpg\" width=\"295\" height=\"221\" srcset=\"https:\/\/www.maisbn.com\/portal\/wp-content\/uploads\/2013\/12\/estrada-01.jpg 640w, https:\/\/www.maisbn.com\/portal\/wp-content\/uploads\/2013\/12\/estrada-01-466x350.jpg 466w\" sizes=\"auto, (max-width: 295px) 100vw, 295px\" \/><\/a>Depois de diversos apelos por provid\u00eancias n\u00e3o atendidos, os buracos da BA-001 come\u00e7am a dar seus frutos e nos \u00faltimos dias foram registrados 02 acidentes que quase resultaram em mortes.<\/p>\n<p class=\"MsoNormal\">O primeiro aconteceu na quinta-feira (05\/11), onde uma viatura da COELBA se chocou na traseira de um ve\u00edculo modelo strada depois que o mesmo reduziu para desviar de uma cratera que surgiu \u00e0 sua frente. Esse acidente aconteceu por volta das duas horas da madrugada.<\/p>\n<p class=\"MsoNormal\"><a href=\"http:\/\/www.maisbn.com\/portal\/wp-content\/uploads\/2013\/12\/rudival_carro.jpg\"><img loading=\"lazy\" decoding=\"async\" class=\"alignright size-full wp-image-3841\" alt=\"rudival_carro\" src=\"http:\/\/www.maisbn.com\/portal\/wp-content\/uploads\/2013\/12\/rudival_carro.jpg\" width=\"247\" height=\"252\" \/><\/a>O segundo aconteceu neste s\u00e1bado (06\/11), por volta das 10:00 Hrs, onde outro carro de propriedade do empres\u00e1rio Rudival acabou se acidentando ap\u00f3s desviar das verdadeiras crateras que brotam a cada dia na rodovia.<\/p>\n<p class=\"MsoNormal\">A prefeita Alice Elias disse que tem notificado as p\u00e9ssimas condi\u00e7\u00f5es da estrada ao governo estadual, que \u00e9 o respons\u00e1vel pela via, e teve da AGERBA a resposta de que, al\u00e9m de recuperar a via, tamb\u00e9m iria restaurar a pintura da mesma. Infelizmente s\u00f3 chegou a pintura da estrada e nenhuma equipe foi enviada no intuito de recupera\u00e7\u00e3o.<\/p>\n<p class=\"MsoNormal\">Esse problema da estrada BA-001 \u00e9 cr\u00f4nico, j\u00e1 que, se tem 17 anos que a estrada n\u00e3o recebe manuten\u00e7\u00e3o, apenas opera\u00e7\u00f5es tapa-buracos realizadas pela prefeitura ou pela Veracel s\u00e3o feitas para minimizar o problema. A verdade \u00e9 que a BA-001 est\u00e1 com o asfalto em p\u00e9ssimas condi\u00e7\u00f5es e que o mesmo tem que ser retirado para ser colocado um novo, em um processo chamado recapeamento, infelizmente esse processo \u00e9 evitado pelo governo porque \u00e9 muito caro.<\/p>\n<p class=\"MsoNormal\">Est\u00e1 a\u00ed a dica para os nossos deputados que aparecer\u00e3o o ano que vem pedindo votos aos belmontenses. \u00c9 hora de pedirem ao governador uma for\u00e7a para resolver esse problema antes que essas crateras fa\u00e7am uma v\u00edtima fatal e acabem matando pais de fam\u00edlia que dependem da BA-001 para viajarem e at\u00e9 trazer o sustento para suas fam\u00edlias.<\/p>\n","protected":false},"excerpt":{"rendered":"<p>&nbsp; &nbsp; &nbsp; &nbsp; Depois de diversos apelos por provid\u00eancias n\u00e3o atendidos, os buracos da BA-001 come\u00e7am a dar seus frutos e nos \u00faltimos dias foram registrados 02 acidentes que quase resultaram em mortes. O primeiro aconteceu na quinta-feira (05\/11), onde uma viatura da COELBA se chocou na traseira de um ve\u00edculo modelo strada depois [&hellip;]<\/p>\n","protected":false},"author":7,"featured_media":0,"comment_status":"closed","ping_status":"open","sticky":false,"template":"","format":"standard","meta":{"footnotes":""},"categories":[198,1],"tags":[108,101],"class_list":["post-3847","post","type-post","status-publish","format-standard","hentry","category-acidente","category-noticias","tag-belmonte","tag-belmonte-bahia-2"],"_links":{"self":[{"href":"https:\/\/www.maisbn.com\/portal\/wp-json\/wp\/v2\/posts\/3847","targetHints":{"allow":["GET"]}}],"collection":[{"href":"https:\/\/www.maisbn.com\/portal\/wp-json\/wp\/v2\/posts"}],"about":[{"href":"https:\/\/www.maisbn.com\/portal\/wp-json\/wp\/v2\/types\/post"}],"author":[{"embeddable":true,"href":"https:\/\/www.maisbn.com\/portal\/wp-json\/wp\/v2\/users\/7"}],"replies":[{"embeddable":true,"href":"https:\/\/www.maisbn.com\/portal\/wp-json\/wp\/v2\/comments?post=3847"}],"version-history":[{"count":0,"href":"https:\/\/www.maisbn.com\/portal\/wp-json\/wp\/v2\/posts\/3847\/revisions"}],"wp:attachment":[{"href":"https:\/\/www.maisbn.com\/portal\/wp-json\/wp\/v2\/media?parent=3847"}],"wp:term":[{"taxonomy":"category","embeddable":true,"href":"https:\/\/www.maisbn.com\/portal\/wp-json\/wp\/v2\/categories?post=3847"},{"taxonomy":"post_tag","embeddable":true,"href":"https:\/\/www.maisbn.com\/portal\/wp-json\/wp\/v2\/tags?post=3847"}],"curies":[{"name":"wp","href":"https:\/\/api.w.org\/{rel}","templated":true}]}}