{"id":3805,"date":"2013-12-04T18:49:12","date_gmt":"2013-12-04T21:49:12","guid":{"rendered":"http:\/\/www.maisbn.com\/portal\/?p=3805"},"modified":"2013-12-04T18:49:12","modified_gmt":"2013-12-04T21:49:12","slug":"promotor-bruno-gontijo-e-promovido-e-agradece-ao-povo-belmontense-pelo-carinho-e-acolhimento","status":"publish","type":"post","link":"https:\/\/www.maisbn.com\/portal\/2013\/12\/promotor-bruno-gontijo-e-promovido-e-agradece-ao-povo-belmontense-pelo-carinho-e-acolhimento\/","title":{"rendered":"Promotor Bruno Gontijo \u00e9 promovido e agradece ao povo belmontense pelo carinho e acolhimento."},"content":{"rendered":"<p>&nbsp;<\/p>\n<p><a href=\"http:\/\/www.maisbn.com\/portal\/wp-content\/uploads\/2013\/12\/promotor_bruno.jpg\"><img loading=\"lazy\" decoding=\"async\" class=\"aligncenter size-full wp-image-3806\" alt=\"promotor_bruno\" src=\"http:\/\/www.maisbn.com\/portal\/wp-content\/uploads\/2013\/12\/promotor_bruno.jpg\" width=\"431\" height=\"330\" \/><\/a><\/p>\n<h3 style=\"text-align: justify;\"><em><span style=\"font-family: 'Times New Roman';\">Venho atrav\u00e9s deste informar que fui, no dia 03 de dezembro de 2013, promovido por merecimento para a Sexta Promotoria de Porto Seguro, conforme ato n.853-2013, publicado no DPJ. Gostaria de neste momento agradecer a popula\u00e7\u00e3o de Belmonte que sempre me acolheu com muito carinho.<\/span><\/em><\/h3>\n<p>&nbsp;<\/p>\n<h3 style=\"text-align: justify;\"><em><span style=\"font-family: 'Times New Roman';\">Meus sinceros agradecimentos.<\/span><\/em><\/h3>\n<p>&nbsp;<\/p>\n<h3 style=\"text-align: justify;\"><em><span style=\"font-family: 'Times New Roman';\">Bruno Gontijo Ara\u00fajo Teixeira<\/span><\/em><\/h3>\n<h3 style=\"text-align: justify;\"><em><span style=\"font-family: 'Times New Roman';\">\u00a0\u00a0\u00a0\u00a0\u00a0Promotor de Justi\u00e7a<\/span><\/em><\/h3>\n","protected":false},"excerpt":{"rendered":"<p>&nbsp; Venho atrav\u00e9s deste informar que fui, no dia 03 de dezembro de 2013, promovido por merecimento para a Sexta Promotoria de Porto Seguro, conforme ato n.853-2013, publicado no DPJ. Gostaria de neste momento agradecer a popula\u00e7\u00e3o de Belmonte que sempre me acolheu com muito carinho. &nbsp; Meus sinceros agradecimentos. &nbsp; Bruno Gontijo Ara\u00fajo Teixeira [&hellip;]<\/p>\n","protected":false},"author":7,"featured_media":0,"comment_status":"closed","ping_status":"open","sticky":false,"template":"","format":"standard","meta":{"footnotes":""},"categories":[99,1],"tags":[108,443,444],"class_list":["post-3805","post","type-post","status-publish","format-standard","hentry","category-justica","category-noticias","tag-belmonte","tag-bruno-gontijo","tag-promotor-bruno-gontijo"],"_links":{"self":[{"href":"https:\/\/www.maisbn.com\/portal\/wp-json\/wp\/v2\/posts\/3805","targetHints":{"allow":["GET"]}}],"collection":[{"href":"https:\/\/www.maisbn.com\/portal\/wp-json\/wp\/v2\/posts"}],"about":[{"href":"https:\/\/www.maisbn.com\/portal\/wp-json\/wp\/v2\/types\/post"}],"author":[{"embeddable":true,"href":"https:\/\/www.maisbn.com\/portal\/wp-json\/wp\/v2\/users\/7"}],"replies":[{"embeddable":true,"href":"https:\/\/www.maisbn.com\/portal\/wp-json\/wp\/v2\/comments?post=3805"}],"version-history":[{"count":0,"href":"https:\/\/www.maisbn.com\/portal\/wp-json\/wp\/v2\/posts\/3805\/revisions"}],"wp:attachment":[{"href":"https:\/\/www.maisbn.com\/portal\/wp-json\/wp\/v2\/media?parent=3805"}],"wp:term":[{"taxonomy":"category","embeddable":true,"href":"https:\/\/www.maisbn.com\/portal\/wp-json\/wp\/v2\/categories?post=3805"},{"taxonomy":"post_tag","embeddable":true,"href":"https:\/\/www.maisbn.com\/portal\/wp-json\/wp\/v2\/tags?post=3805"}],"curies":[{"name":"wp","href":"https:\/\/api.w.org\/{rel}","templated":true}]}}