{"id":3769,"date":"2013-12-01T07:42:05","date_gmt":"2013-12-01T10:42:05","guid":{"rendered":"http:\/\/www.maisbn.com\/portal\/?p=3769"},"modified":"2013-12-01T07:42:05","modified_gmt":"2013-12-01T10:42:05","slug":"mp-vai-investigar-danos-ambientais-no-rio-jequitinhonha","status":"publish","type":"post","link":"https:\/\/www.maisbn.com\/portal\/2013\/12\/mp-vai-investigar-danos-ambientais-no-rio-jequitinhonha\/","title":{"rendered":"MP vai investigar danos ambientais no Rio Jequitinhonha"},"content":{"rendered":"<p>O vice-presidente da Comiss\u00e3o de Meio Ambiente, Seca e Recursos H\u00eddricos da Assembleia Legislativa da Bahia, deputado estadual Marcelino Galo (PT), se reuniu nesta sexta-feira (29) com o titular da Promotoria de Justi\u00e7a Regional Especializada em Meio Ambiente, Dr. Ant\u00f4nio Maur\u00edcio Soares Magnavita, em Porto Seguro, para requerer a interven\u00e7\u00e3o do Minist\u00e9rio P\u00fablico visando \u00e0 recupera\u00e7\u00e3o ambiental do Rio Jequitinhonha.<\/p>\n<p>&nbsp;<\/p>\n<p>Na audi\u00eancia o deputado entregou ao promotor documentos que lhe foram repassados por moradores do munic\u00edpio de Belmonte. Neles a popula\u00e7\u00e3o denuncia os graves desequil\u00edbrios ambientais resultantes da constru\u00e7\u00e3o da Hidrel\u00e9trica de Itapebi, na divisa da Bahia com Minas Gerais. Durante a audi\u00eancia p\u00fablica conjunta entre a Assembleia Legislativa e a C\u00e2mara Municipal de Belmonte, na quinta-feira (28), a popula\u00e7\u00e3o reclamou do assoreamento avan\u00e7ado do Rio Jequitinhonha. Ele impede a sa\u00edda dos barcos para o mar, com graves efeitos para os pescadores e ao meio ambiente. Al\u00e9m disso, os moradores reclamam que isso tem contribu\u00eddo para causar enchentes na cidade, uma vez que na \u00e9poca das chuvas a \u00e1gua que normalmente correria para o mar, com o assoreamento e forma\u00e7\u00e3o de bancos de areias no rio passou a invadir a cidade. A popula\u00e7\u00e3o tamb\u00e9m exige medidas de indeniza\u00e7\u00e3o e compensa\u00e7\u00f5es ambientais aos pescadores e marisqueiras, al\u00e9m da imediata recupera\u00e7\u00e3o ambiental do Rio Jequitinhonha.<\/p>\n<p><a href=\"http:\/\/www.maisbn.com\/portal\/wp-content\/uploads\/2013\/12\/1469962_700931313258828_2010773114_n.jpg\"><img loading=\"lazy\" decoding=\"async\" class=\"size-full wp-image-3770 aligncenter\" alt=\"1469962_700931313258828_2010773114_n\" src=\"http:\/\/www.maisbn.com\/portal\/wp-content\/uploads\/2013\/12\/1469962_700931313258828_2010773114_n.jpg\" width=\"640\" height=\"424\" srcset=\"https:\/\/www.maisbn.com\/portal\/wp-content\/uploads\/2013\/12\/1469962_700931313258828_2010773114_n.jpg 640w, https:\/\/www.maisbn.com\/portal\/wp-content\/uploads\/2013\/12\/1469962_700931313258828_2010773114_n-528x350.jpg 528w\" sizes=\"auto, (max-width: 640px) 100vw, 640px\" \/><\/a><\/p>\n<p>\u201cOntem nos reunimos com a popula\u00e7\u00e3o de Belmonte numa excelente audi\u00eancia p\u00fablica. Hoje estamos cumprindo o que pactuamos com os moradores, que \u00e9 reunir as informa\u00e7\u00f5es coletadas e dar segmento \u00e0 luta, levando a den\u00fancia ao Minist\u00e9rio P\u00fablico. Esse \u00e9 o segundo passo de uma longa e \u00e1rdua luta para recuperar o Rio Jequitinhonha e indenizar as v\u00edtimas de um processo em que a popula\u00e7\u00e3o de Belmonte n\u00e3o p\u00f4de participar, embora seja ela que agora sofre as consequ\u00eancias\u201d, afirmou Marcelino Galo, que tamb\u00e9m preside a Frente Parlamentar Ambientalista da Bahia.<\/p>\n<p><a href=\"http:\/\/www.maisbn.com\/portal\/wp-content\/uploads\/2013\/12\/1472330_700929586592334_1895316744_n.jpg\"><img loading=\"lazy\" decoding=\"async\" class=\"size-full wp-image-3771 aligncenter\" alt=\"1472330_700929586592334_1895316744_n\" src=\"http:\/\/www.maisbn.com\/portal\/wp-content\/uploads\/2013\/12\/1472330_700929586592334_1895316744_n.jpg\" width=\"640\" height=\"424\" srcset=\"https:\/\/www.maisbn.com\/portal\/wp-content\/uploads\/2013\/12\/1472330_700929586592334_1895316744_n.jpg 640w, https:\/\/www.maisbn.com\/portal\/wp-content\/uploads\/2013\/12\/1472330_700929586592334_1895316744_n-528x350.jpg 528w\" sizes=\"auto, (max-width: 640px) 100vw, 640px\" \/><\/a><\/p>\n<p>No encontro, o promotor Maur\u00edcio Magnavita comprometeu-se a exigir um estudo para medir os impactos da constru\u00e7\u00e3o da Hidrel\u00e9trica de Itapebi em Belmonte e promover uma nova audi\u00eancia p\u00fablica no munic\u00edpio para registrar as denuncias e colher novos depoimentos dos moradores, na perspectiva de exigir medidas compensat\u00f3rias e de recupera\u00e7\u00e3o da \u00e1rea degradada.<\/p>\n","protected":false},"excerpt":{"rendered":"<p>O vice-presidente da Comiss\u00e3o de Meio Ambiente, Seca e Recursos H\u00eddricos da Assembleia Legislativa da Bahia, deputado estadual Marcelino Galo (PT), se reuniu nesta sexta-feira (29) com o titular da Promotoria de Justi\u00e7a Regional Especializada em Meio Ambiente, Dr. Ant\u00f4nio Maur\u00edcio Soares Magnavita, em Porto Seguro, para requerer a interven\u00e7\u00e3o do Minist\u00e9rio P\u00fablico visando \u00e0 [&hellip;]<\/p>\n","protected":false},"author":1,"featured_media":0,"comment_status":"closed","ping_status":"open","sticky":false,"template":"","format":"standard","meta":{"footnotes":""},"categories":[33,1],"tags":[435,241],"class_list":["post-3769","post","type-post","status-publish","format-standard","hentry","category-meio-ambiente","category-noticias","tag-belmonte-bahia-3","tag-meio-ambiente-2"],"_links":{"self":[{"href":"https:\/\/www.maisbn.com\/portal\/wp-json\/wp\/v2\/posts\/3769","targetHints":{"allow":["GET"]}}],"collection":[{"href":"https:\/\/www.maisbn.com\/portal\/wp-json\/wp\/v2\/posts"}],"about":[{"href":"https:\/\/www.maisbn.com\/portal\/wp-json\/wp\/v2\/types\/post"}],"author":[{"embeddable":true,"href":"https:\/\/www.maisbn.com\/portal\/wp-json\/wp\/v2\/users\/1"}],"replies":[{"embeddable":true,"href":"https:\/\/www.maisbn.com\/portal\/wp-json\/wp\/v2\/comments?post=3769"}],"version-history":[{"count":0,"href":"https:\/\/www.maisbn.com\/portal\/wp-json\/wp\/v2\/posts\/3769\/revisions"}],"wp:attachment":[{"href":"https:\/\/www.maisbn.com\/portal\/wp-json\/wp\/v2\/media?parent=3769"}],"wp:term":[{"taxonomy":"category","embeddable":true,"href":"https:\/\/www.maisbn.com\/portal\/wp-json\/wp\/v2\/categories?post=3769"},{"taxonomy":"post_tag","embeddable":true,"href":"https:\/\/www.maisbn.com\/portal\/wp-json\/wp\/v2\/tags?post=3769"}],"curies":[{"name":"wp","href":"https:\/\/api.w.org\/{rel}","templated":true}]}}