{"id":3758,"date":"2013-11-29T22:27:42","date_gmt":"2013-11-30T01:27:42","guid":{"rendered":"http:\/\/www.maisbn.com\/portal\/?p=3758"},"modified":"2013-11-29T22:27:42","modified_gmt":"2013-11-30T01:27:42","slug":"audiencia-publica-reuniu-populacao-para-discutir-danos-ambientais-no-jequitinhonha","status":"publish","type":"post","link":"https:\/\/www.maisbn.com\/portal\/2013\/11\/audiencia-publica-reuniu-populacao-para-discutir-danos-ambientais-no-jequitinhonha\/","title":{"rendered":"Audi\u00eancia P\u00fablica reuniu popula\u00e7\u00e3o para discutir danos ambientais no Jequitinhonha"},"content":{"rendered":"<p>Na audi\u00eancia p\u00fablica que discutiu os impactos socioambientais e econ\u00f4micos causados pela constru\u00e7\u00e3o de uma barragem sobre o Rio Jequitinhonha, pelo Grupo Neoenergia, o deputado estadual Marcelino Galo (PT), proponente do debate, voltou a defender que a empresa fa\u00e7a a recupera\u00e7\u00e3o ambiental do ecossistema\u00a0local e apresente contrapartidas \u00e0 popula\u00e7\u00e3o de Belmonte e munic\u00edpios do Extremo Sul prejudicados pela constru\u00e7\u00e3o da hidrel\u00e9trica de Itapebi. A hidrel\u00e9trica tem capacidade para uma gera\u00e7\u00e3o total de 1,9 milh\u00e3o MWh\/ano de energia. Esse volume est\u00e1 contratado at\u00e9 2017 pela Coelba, distribuidora do Grupo Neoenergia.<\/p>\n<p><a href=\"http:\/\/www.maisbn.com\/portal\/wp-content\/uploads\/2013\/11\/Aud_Hidro_008.jpg\"><img loading=\"lazy\" decoding=\"async\" class=\"alignleft  wp-image-3759\" alt=\"Aud_Hidro_008\" src=\"http:\/\/www.maisbn.com\/portal\/wp-content\/uploads\/2013\/11\/Aud_Hidro_008.jpg\" width=\"391\" height=\"247\" srcset=\"https:\/\/www.maisbn.com\/portal\/wp-content\/uploads\/2013\/11\/Aud_Hidro_008.jpg 652w, https:\/\/www.maisbn.com\/portal\/wp-content\/uploads\/2013\/11\/Aud_Hidro_008-553x350.jpg 553w\" sizes=\"auto, (max-width: 391px) 100vw, 391px\" \/><\/a><\/p>\n<p>\u201cEsta audi\u00eancia conjunta reuniu pescadores, agricultores, comerciantes e demais membros da sociedade civil e do poder p\u00fablico municipal, estadual e federal. Tudo isso para discutir o que at\u00e9 agora n\u00e3o tinha sido debatido desta forma: a recupera\u00e7\u00e3o ambiental do Rio Jequitinhonha. Este \u00e9 s\u00f3 o primeiro passo, mas a comunidade de Belmonte deu uma demonstra\u00e7\u00e3o inequ\u00edvoca de for\u00e7a e compromisso com o meio ambiente\u201d, afirmou o petista, vice-presidente da Comiss\u00e3o de Meio Ambiente, Seca e Recursos H\u00eddricos da Assembleia Legislativa\u00a0e\u00a0coordenador da Frente Parlamentar Ambientalista da Bahia.<\/p>\n<p>No encontro com a popula\u00e7\u00e3o local na C\u00e2mara de Vereadores, sobraram queixas e reclama\u00e7\u00f5es por conta da interven\u00e7\u00e3o no rio iniciada em 1999 com a constru\u00e7\u00e3o do reservat\u00f3rio.\u00a0Em seus relatos, o testemunho de quem perdeu seu meio de trabalho e \u00fanica fonte de renda, proveniente do rio Jequitinhonha, que em tupi significa rio largo cheio de peixes. A inunda\u00e7\u00e3o, por exemplo, impossibilitou a perpetua\u00e7\u00e3o de algumas esp\u00e9cies. O robalo, segundo os pescadores e as marisqueiras, simplesmente sumiu.<\/p>\n<p>\u201cEsse rio tinha tanto robalo, era tanto peixe, hoje est\u00e1 muito dif\u00edcil para os pescadores ganharem a vida\u201d, afirma Pedrina, representante da Associa\u00e7\u00e3o de Marisqueiras. \u201cO que ocorre quando a gente corta uma veia, uma art\u00e9ria? A gente morre, e \u00e9 isso que est\u00e1 acontecendo com o nosso Jequitinhonha\u201d, emenda o pescador Ailton, ao observar que\u00a0os peixes n\u00e3o conseguem subir na barragem para se reproduzir.<\/p>\n<p><a href=\"http:\/\/www.maisbn.com\/portal\/wp-content\/uploads\/2013\/11\/Aud_Hidro_002.jpg\"><img loading=\"lazy\" decoding=\"async\" class=\"alignright size-full wp-image-3761\" alt=\"Aud_Hidro_002\" src=\"http:\/\/www.maisbn.com\/portal\/wp-content\/uploads\/2013\/11\/Aud_Hidro_002.jpg\" width=\"652\" height=\"412\" srcset=\"https:\/\/www.maisbn.com\/portal\/wp-content\/uploads\/2013\/11\/Aud_Hidro_002.jpg 652w, https:\/\/www.maisbn.com\/portal\/wp-content\/uploads\/2013\/11\/Aud_Hidro_002-553x350.jpg 553w\" sizes=\"auto, (max-width: 652px) 100vw, 652px\" \/><\/a><\/p>\n<p>Os moradores tamb\u00e9m lembraram que na \u00e9poca da instala\u00e7\u00e3o da usina a empresa prometeu benfeitorias para as cidades atingidas, mas nada foi cumprido.\u00a0\u201dO empreendimento que gera tanto lucro para a empresa, tem que gerar benef\u00edcios tamb\u00e9m para a comunidade que \u00e9 atingida e prejudicada por esta interven\u00e7\u00e3o no rio\u201d, observa Marcos Galinho, engenheiro civil e professor em Belmonte.\u00a0\u201dTodo mundo n\u00e3o\u00a0<i>t\u00e1<\/i>\u00a0ganhando dinheiro com a hidroel\u00e9trica? Ent\u00e3o \u00e9 hora de reverter um pouco desse dinheiro para o bem da comunidade que \u00e9 atingida por ela\u201d, sugere Carlos Alberto, Secret\u00e1rio de Infraestrutura e Meio Ambiente do munic\u00edpio. \u201cSe compararmos as imagens antigas do Google, tiradas por sat\u00e9lite, vamos constatar o assassinato do Rio Jequitinhonha\u201d, conclui Carlos Schneider, da Fazenda Boa Vista.<\/p>\n<p>&nbsp;<\/p>\n<p>A Prefeita Alice Elias tamb\u00e9m reconheceu em seu pronunciamento que Belmonte foi bastante prejudicada e disse que est\u00e1 comprometida com essa luta e que ir\u00e1 buscar as repara\u00e7\u00f5es devidas ao munic\u00edpio pelos estragos causados pela hidroel\u00e9trica.<\/p>\n<p>A reuni\u00e3o foi muito importante, j\u00e1 que, Belmonte j\u00e1 teve diversos preju\u00edzos nas mais variadas \u00e1reas e nenhuma for\u00e7a pol\u00edtica se levantou em sua defesa. V\u00e1rios governos entraram e sa\u00edram e a cidade s\u00f3 veio perdendo espa\u00e7o nos seus interesses. Podemos citar como exemplo a transfer\u00eancia da maioria do territ\u00f3rio da Veracel para Eun\u00e1polis, a estrada Belmonte x Canavieiras que j\u00e1 consumiu mais de um milh\u00e3o de reais e nunca saiu do papel, entre outras reivindica\u00e7\u00f5es e sonhos que ficaram pelo caminho. Esperamos que as a\u00e7\u00f5es dessa reuni\u00e3o n\u00e3o fiquem s\u00f3 no debate e virem realidade, mas, tal realiza\u00e7\u00e3o j\u00e1 se revela um grande avan\u00e7o, pelo menos, vimos que as autoridades reconhecem o problema e que alguma a\u00e7\u00e3o tem que ser tomada para compensar as pessoas prejudicadas.<\/p>\n","protected":false},"excerpt":{"rendered":"<p>Na audi\u00eancia p\u00fablica que discutiu os impactos socioambientais e econ\u00f4micos causados pela constru\u00e7\u00e3o de uma barragem sobre o Rio Jequitinhonha, pelo Grupo Neoenergia, o deputado estadual Marcelino Galo (PT), proponente do debate, voltou a defender que a empresa fa\u00e7a a recupera\u00e7\u00e3o ambiental do ecossistema\u00a0local e apresente contrapartidas \u00e0 popula\u00e7\u00e3o de Belmonte e munic\u00edpios do Extremo [&hellip;]<\/p>\n","protected":false},"author":1,"featured_media":0,"comment_status":"closed","ping_status":"open","sticky":false,"template":"","format":"standard","meta":{"footnotes":""},"categories":[29,1],"tags":[44,437],"class_list":["post-3758","post","type-post","status-publish","format-standard","hentry","category-empreendimentos","category-noticias","tag-belmonte-ba","tag-hidroeletrica"],"_links":{"self":[{"href":"https:\/\/www.maisbn.com\/portal\/wp-json\/wp\/v2\/posts\/3758","targetHints":{"allow":["GET"]}}],"collection":[{"href":"https:\/\/www.maisbn.com\/portal\/wp-json\/wp\/v2\/posts"}],"about":[{"href":"https:\/\/www.maisbn.com\/portal\/wp-json\/wp\/v2\/types\/post"}],"author":[{"embeddable":true,"href":"https:\/\/www.maisbn.com\/portal\/wp-json\/wp\/v2\/users\/1"}],"replies":[{"embeddable":true,"href":"https:\/\/www.maisbn.com\/portal\/wp-json\/wp\/v2\/comments?post=3758"}],"version-history":[{"count":0,"href":"https:\/\/www.maisbn.com\/portal\/wp-json\/wp\/v2\/posts\/3758\/revisions"}],"wp:attachment":[{"href":"https:\/\/www.maisbn.com\/portal\/wp-json\/wp\/v2\/media?parent=3758"}],"wp:term":[{"taxonomy":"category","embeddable":true,"href":"https:\/\/www.maisbn.com\/portal\/wp-json\/wp\/v2\/categories?post=3758"},{"taxonomy":"post_tag","embeddable":true,"href":"https:\/\/www.maisbn.com\/portal\/wp-json\/wp\/v2\/tags?post=3758"}],"curies":[{"name":"wp","href":"https:\/\/api.w.org\/{rel}","templated":true}]}}