{"id":3712,"date":"2013-11-18T11:02:37","date_gmt":"2013-11-18T14:02:37","guid":{"rendered":"http:\/\/www.maisbn.com\/portal\/?p=3712"},"modified":"2013-11-18T11:02:37","modified_gmt":"2013-11-18T14:02:37","slug":"santa-cruz-cabralia-homem-armado-e-preso-em-bar","status":"publish","type":"post","link":"https:\/\/www.maisbn.com\/portal\/2013\/11\/santa-cruz-cabralia-homem-armado-e-preso-em-bar\/","title":{"rendered":"Santa Cruz Cabr\u00e1lia: Homem armado \u00e9 preso em Bar"},"content":{"rendered":"<p><a href=\"http:\/\/www.maisbn.com\/portal\/wp-content\/uploads\/2013\/11\/armado_d.jpg\"><img loading=\"lazy\" decoding=\"async\" class=\"alignnone size-full wp-image-3713\" alt=\"armado_d\" src=\"http:\/\/www.maisbn.com\/portal\/wp-content\/uploads\/2013\/11\/armado_d.jpg\" width=\"640\" height=\"372\" srcset=\"https:\/\/www.maisbn.com\/portal\/wp-content\/uploads\/2013\/11\/armado_d.jpg 640w, https:\/\/www.maisbn.com\/portal\/wp-content\/uploads\/2013\/11\/armado_d-602x350.jpg 602w\" sizes=\"auto, (max-width: 640px) 100vw, 640px\" \/><\/a><\/p>\n<p>Den\u00fancia an\u00f4nima levou policiais militares a prenderem um homem armado, na noite de sexta-feira (15), em Santa Cruz Cabr\u00e1lia.<\/p>\n<p>Zezito Bispo da Silva, 36, portava um rev\u00f3lver calibre 32, com quatro proj\u00e9teis picotados, conforme a pol\u00edcia.<\/p>\n<p>Segundo informa\u00e7\u00f5es do 8\u00ba Batalh\u00e3o, Zezito estava no interior de um bar na Rua Rond\u00f4nia.<\/p>\n<p>A PM divulgou ainda que o rev\u00f3lver estava com a numera\u00e7\u00e3o raspada e que Zezito foi autuado em flagrante por porte ilegal de arma de fogo.<\/p>\n","protected":false},"excerpt":{"rendered":"<p>Den\u00fancia an\u00f4nima levou policiais militares a prenderem um homem armado, na noite de sexta-feira (15), em Santa Cruz Cabr\u00e1lia. Zezito Bispo da Silva, 36, portava um rev\u00f3lver calibre 32, com quatro proj\u00e9teis picotados, conforme a pol\u00edcia. Segundo informa\u00e7\u00f5es do 8\u00ba Batalh\u00e3o, Zezito estava no interior de um bar na Rua Rond\u00f4nia. A PM divulgou ainda [&hellip;]<\/p>\n","protected":false},"author":1,"featured_media":0,"comment_status":"closed","ping_status":"open","sticky":false,"template":"","format":"standard","meta":{"footnotes":""},"categories":[1,16],"tags":[627,91],"class_list":["post-3712","post","type-post","status-publish","format-standard","hentry","category-noticias","category-policial","tag-policial","tag-santa-cruz-cabralia"],"_links":{"self":[{"href":"https:\/\/www.maisbn.com\/portal\/wp-json\/wp\/v2\/posts\/3712","targetHints":{"allow":["GET"]}}],"collection":[{"href":"https:\/\/www.maisbn.com\/portal\/wp-json\/wp\/v2\/posts"}],"about":[{"href":"https:\/\/www.maisbn.com\/portal\/wp-json\/wp\/v2\/types\/post"}],"author":[{"embeddable":true,"href":"https:\/\/www.maisbn.com\/portal\/wp-json\/wp\/v2\/users\/1"}],"replies":[{"embeddable":true,"href":"https:\/\/www.maisbn.com\/portal\/wp-json\/wp\/v2\/comments?post=3712"}],"version-history":[{"count":0,"href":"https:\/\/www.maisbn.com\/portal\/wp-json\/wp\/v2\/posts\/3712\/revisions"}],"wp:attachment":[{"href":"https:\/\/www.maisbn.com\/portal\/wp-json\/wp\/v2\/media?parent=3712"}],"wp:term":[{"taxonomy":"category","embeddable":true,"href":"https:\/\/www.maisbn.com\/portal\/wp-json\/wp\/v2\/categories?post=3712"},{"taxonomy":"post_tag","embeddable":true,"href":"https:\/\/www.maisbn.com\/portal\/wp-json\/wp\/v2\/tags?post=3712"}],"curies":[{"name":"wp","href":"https:\/\/api.w.org\/{rel}","templated":true}]}}