{"id":3682,"date":"2013-11-12T21:15:17","date_gmt":"2013-11-13T00:15:17","guid":{"rendered":"http:\/\/www.maisbn.com\/portal\/?p=3682"},"modified":"2013-11-12T21:15:54","modified_gmt":"2013-11-13T00:15:54","slug":"ii-festival-de-orquideas-e-realizado-na-loja-maconica","status":"publish","type":"post","link":"https:\/\/www.maisbn.com\/portal\/2013\/11\/ii-festival-de-orquideas-e-realizado-na-loja-maconica\/","title":{"rendered":"II Festival de orqu\u00eddeas \u00e9 realizado na Loja Ma\u00e7\u00f4nica."},"content":{"rendered":"<p>Uma exposi\u00e7\u00e3o aberta a visita\u00e7\u00e3o p\u00fablica gratuita com v\u00e1rias esp\u00e9cies orqu\u00eddeas de diversas esp\u00e9cies terminou no \u00faltimo \u00a0domingo (09), na Loja Ma\u00e7\u00f4nica. A mostra fez parte da parceria Veracel,\u00a0 Jequitinhong \u00a0e Prefeitura Municipal de Belmonte, atrav\u00e9s da Secretaria de Agricultura.\u00a0 Para os admiradores, as flores de orqu\u00eddeas tamb\u00e9m estiveram \u00e0 venda.<\/p>\n<p><a href=\"http:\/\/www.maisbn.com\/portal\/wp-content\/uploads\/2013\/11\/orquideas.jpg\"><img loading=\"lazy\" decoding=\"async\" class=\"size-full wp-image-3683 aligncenter\" alt=\"orquideas\" src=\"http:\/\/www.maisbn.com\/portal\/wp-content\/uploads\/2013\/11\/orquideas.jpg\" width=\"498\" height=\"287\" \/><\/a><\/p>\n<p>A exposi\u00e7\u00e3o ficou aberta das 8 horas \u00e0s 18 horas.\u00a0 A partir das 10 horas, os visitantes tamb\u00e9m puderam participar de oficinas gratuitas de cultivo de orqu\u00eddeas para adultos e crian\u00e7as, e de cultivo de cactos, de rosas em vasos e de plantas suculentas.<\/p>\n<p>&nbsp;<\/p>\n<p>O Brasil \u00e9 destaque atualmente no cen\u00e1rio mundial do cultivo e comercializa\u00e7\u00e3o de orqu\u00eddeas, sendo considerado um dos pa\u00edses mais ricos em esp\u00e9cies, compar\u00e1vel somente \u00e0 Col\u00f4mbia e ao Equador. No Brasil, j\u00e1 s\u00e3o mais 100 produtores comerciais de orqu\u00eddeas, com um volume estimado de produ\u00e7\u00e3o de tr\u00eas milh\u00f5es de vasos ao ano, gerando uma movimenta\u00e7\u00e3o de R$ 500 milh\u00f5es.<\/p>\n","protected":false},"excerpt":{"rendered":"<p>Uma exposi\u00e7\u00e3o aberta a visita\u00e7\u00e3o p\u00fablica gratuita com v\u00e1rias esp\u00e9cies orqu\u00eddeas de diversas esp\u00e9cies terminou no \u00faltimo \u00a0domingo (09), na Loja Ma\u00e7\u00f4nica. A mostra fez parte da parceria Veracel,\u00a0 Jequitinhong \u00a0e Prefeitura Municipal de Belmonte, atrav\u00e9s da Secretaria de Agricultura.\u00a0 Para os admiradores, as flores de orqu\u00eddeas tamb\u00e9m estiveram \u00e0 venda. A exposi\u00e7\u00e3o ficou aberta [&hellip;]<\/p>\n","protected":false},"author":1,"featured_media":0,"comment_status":"closed","ping_status":"open","sticky":false,"template":"","format":"standard","meta":{"footnotes":""},"categories":[1],"tags":[101,431],"class_list":["post-3682","post","type-post","status-publish","format-standard","hentry","category-noticias","tag-belmonte-bahia-2","tag-ii-festival-de-orquideas"],"_links":{"self":[{"href":"https:\/\/www.maisbn.com\/portal\/wp-json\/wp\/v2\/posts\/3682","targetHints":{"allow":["GET"]}}],"collection":[{"href":"https:\/\/www.maisbn.com\/portal\/wp-json\/wp\/v2\/posts"}],"about":[{"href":"https:\/\/www.maisbn.com\/portal\/wp-json\/wp\/v2\/types\/post"}],"author":[{"embeddable":true,"href":"https:\/\/www.maisbn.com\/portal\/wp-json\/wp\/v2\/users\/1"}],"replies":[{"embeddable":true,"href":"https:\/\/www.maisbn.com\/portal\/wp-json\/wp\/v2\/comments?post=3682"}],"version-history":[{"count":0,"href":"https:\/\/www.maisbn.com\/portal\/wp-json\/wp\/v2\/posts\/3682\/revisions"}],"wp:attachment":[{"href":"https:\/\/www.maisbn.com\/portal\/wp-json\/wp\/v2\/media?parent=3682"}],"wp:term":[{"taxonomy":"category","embeddable":true,"href":"https:\/\/www.maisbn.com\/portal\/wp-json\/wp\/v2\/categories?post=3682"},{"taxonomy":"post_tag","embeddable":true,"href":"https:\/\/www.maisbn.com\/portal\/wp-json\/wp\/v2\/tags?post=3682"}],"curies":[{"name":"wp","href":"https:\/\/api.w.org\/{rel}","templated":true}]}}