{"id":3615,"date":"2013-10-30T11:24:17","date_gmt":"2013-10-30T14:24:17","guid":{"rendered":"http:\/\/www.maisbn.com\/portal\/?p=3615"},"modified":"2013-10-30T11:24:17","modified_gmt":"2013-10-30T14:24:17","slug":"joao-roberto-e-elinete-comemoram-casamento-com-grande-festa","status":"publish","type":"post","link":"https:\/\/www.maisbn.com\/portal\/2013\/10\/joao-roberto-e-elinete-comemoram-casamento-com-grande-festa\/","title":{"rendered":"Jo\u00e3o Roberto e Elinete comemoram casamento com grande festa."},"content":{"rendered":"<p>No \u00faltimo s\u00e1bado (26-10) foi a data escolhida pelo casal Jo\u00e3o Roberto mais conhecido como Beb\u00e9 e Elinete para sacramentar seu relacionamento com a uni\u00e3o matrimonial.<\/p>\n<div id=\"attachment_3617\" style=\"width: 660px\" class=\"wp-caption aligncenter\"><a href=\"http:\/\/www.maisbn.com\/portal\/wp-content\/uploads\/2013\/10\/casamento_00006.jpg\"><img loading=\"lazy\" decoding=\"async\" aria-describedby=\"caption-attachment-3617\" class=\"size-full wp-image-3617 \" alt=\"casamento_00006\" src=\"http:\/\/www.maisbn.com\/portal\/wp-content\/uploads\/2013\/10\/casamento_00006.jpg\" width=\"650\" height=\"412\" srcset=\"https:\/\/www.maisbn.com\/portal\/wp-content\/uploads\/2013\/10\/casamento_00006.jpg 650w, https:\/\/www.maisbn.com\/portal\/wp-content\/uploads\/2013\/10\/casamento_00006-552x350.jpg 552w\" sizes=\"auto, (max-width: 650px) 100vw, 650px\" \/><\/a><p id=\"caption-attachment-3617\" class=\"wp-caption-text\">Elinete e Jo\u00e3o Roberto (Beb\u00e9)<\/p><\/div>\n<p>A festa come\u00e7ou com a cerim\u00f4nia religiosa na Igreja Matriz de Nossa Senhora do Carmo em Belmonte, onde o Frei Denilson celebrou uma missa direcionada especialmente para os noivos onde lhes foram transmitidas os ensinamentos b\u00edblicos a cerca do casamento al\u00e9m de profetizadas b\u00ean\u00e7\u00e3os da parte de Deus sobre a vida do jovem casal, pois a fam\u00edlia e o casamento s\u00e3o institui\u00e7\u00f5es estabelecidas por Deus atrav\u00e9s da B\u00edblia.<\/p>\n<p>Ap\u00f3s a cerim\u00f4nia religiosa todos seguiram para o Esporte Clube Am\u00e9rica onde aconteceu o baile do casamento que reuniu mais de 400 convidados e contou com o Show de Rog\u00e9rio Bahia e Crisv\u00e2ney Dias.<\/p>\n<p>Durante o baile ap\u00f3s a sess\u00e3o de fotos com os convidados, os noivos dan\u00e7aram a m\u00fasica \u201cSe eu morasse aqui pertinho\u201d que marcou o dia em que o casal se conheceu e iniciou o namoro.<\/p>\n<div id=\"attachment_3618\" style=\"width: 660px\" class=\"wp-caption aligncenter\"><a href=\"http:\/\/www.maisbn.com\/portal\/wp-content\/uploads\/2013\/10\/casamento_00011.jpg\"><img loading=\"lazy\" decoding=\"async\" aria-describedby=\"caption-attachment-3618\" class=\"size-full wp-image-3618 \" alt=\"casamento_00011\" src=\"http:\/\/www.maisbn.com\/portal\/wp-content\/uploads\/2013\/10\/casamento_00011.jpg\" width=\"650\" height=\"412\" srcset=\"https:\/\/www.maisbn.com\/portal\/wp-content\/uploads\/2013\/10\/casamento_00011.jpg 650w, https:\/\/www.maisbn.com\/portal\/wp-content\/uploads\/2013\/10\/casamento_00011-552x350.jpg 552w\" sizes=\"auto, (max-width: 650px) 100vw, 650px\" \/><\/a><p id=\"caption-attachment-3618\" class=\"wp-caption-text\">Crisv\u00e2ney Dias (lado esquerdo) e Rog\u00e9rio Bahia (lado direito)<\/p><\/div>\n<p>N\u00f3s do Belmontenews.com desejamos aos nossos amigos Beb\u00e9 e Elinete muita felicidade, sa\u00fade, sorte e amor eterno nesse matrim\u00f4nio que com certeza ser\u00e1 repleto de alegrias e conquistas.<\/p>\n<p>&nbsp;<\/p>\n<p>&nbsp;<\/p>\n<p><a href=\"http:\/\/www.maisbn.com\/galerias\/263\" target=\"_blank\"><img loading=\"lazy\" decoding=\"async\" style=\"border: 0px none;\" alt=\"\" src=\"http:\/\/www.belmontenews.com\/imagensFCK\/image\/galeria_fotos.gif\" width=\"200\" height=\"169\" border=\"0\" \/><\/a><\/p>\n","protected":false},"excerpt":{"rendered":"<p>No \u00faltimo s\u00e1bado (26-10) foi a data escolhida pelo casal Jo\u00e3o Roberto mais conhecido como Beb\u00e9 e Elinete para sacramentar seu relacionamento com a uni\u00e3o matrimonial. A festa come\u00e7ou com a cerim\u00f4nia religiosa na Igreja Matriz de Nossa Senhora do Carmo em Belmonte, onde o Frei Denilson celebrou uma missa direcionada especialmente para os noivos [&hellip;]<\/p>\n","protected":false},"author":1,"featured_media":0,"comment_status":"closed","ping_status":"open","sticky":false,"template":"","format":"standard","meta":{"footnotes":""},"categories":[1],"tags":[108,345],"class_list":["post-3615","post","type-post","status-publish","format-standard","hentry","category-noticias","tag-belmonte","tag-casamento"],"_links":{"self":[{"href":"https:\/\/www.maisbn.com\/portal\/wp-json\/wp\/v2\/posts\/3615","targetHints":{"allow":["GET"]}}],"collection":[{"href":"https:\/\/www.maisbn.com\/portal\/wp-json\/wp\/v2\/posts"}],"about":[{"href":"https:\/\/www.maisbn.com\/portal\/wp-json\/wp\/v2\/types\/post"}],"author":[{"embeddable":true,"href":"https:\/\/www.maisbn.com\/portal\/wp-json\/wp\/v2\/users\/1"}],"replies":[{"embeddable":true,"href":"https:\/\/www.maisbn.com\/portal\/wp-json\/wp\/v2\/comments?post=3615"}],"version-history":[{"count":0,"href":"https:\/\/www.maisbn.com\/portal\/wp-json\/wp\/v2\/posts\/3615\/revisions"}],"wp:attachment":[{"href":"https:\/\/www.maisbn.com\/portal\/wp-json\/wp\/v2\/media?parent=3615"}],"wp:term":[{"taxonomy":"category","embeddable":true,"href":"https:\/\/www.maisbn.com\/portal\/wp-json\/wp\/v2\/categories?post=3615"},{"taxonomy":"post_tag","embeddable":true,"href":"https:\/\/www.maisbn.com\/portal\/wp-json\/wp\/v2\/tags?post=3615"}],"curies":[{"name":"wp","href":"https:\/\/api.w.org\/{rel}","templated":true}]}}