{"id":3562,"date":"2013-10-11T22:20:54","date_gmt":"2013-10-12T01:20:54","guid":{"rendered":"http:\/\/www.maisbn.com\/portal\/?p=3562"},"modified":"2013-10-11T22:50:35","modified_gmt":"2013-10-12T01:50:35","slug":"dep-janio-natal-defende-2-salarios-minimos-para-agentes-de-endemias","status":"publish","type":"post","link":"https:\/\/www.maisbn.com\/portal\/2013\/10\/dep-janio-natal-defende-2-salarios-minimos-para-agentes-de-endemias\/","title":{"rendered":"Dep. J\u00e2nio Natal defende 2 sal\u00e1rios m\u00ednimos para Agentes de Endemias"},"content":{"rendered":"<p>Na \u00faltima quarta-feira (25\/09), pela manh\u00e3, foi realizado na C\u00e2mara dos Deputados o 2\u00b0 F\u00f3rum Nacional sobre o Piso Salarial e Plano de Carreira dos Agentes Comunit\u00e1rios de Sa\u00fade e Agentes de Sa\u00fade e Endemias. O deputado J\u00e2nio Natal fez quest\u00e3o de comparecer ao evento para manifestar seu apoio aos Agentes.<a href=\"http:\/\/www.maisbn.com\/portal\/wp-content\/uploads\/2012\/08\/Janio_Natal.jpg\"><img loading=\"lazy\" decoding=\"async\" class=\"alignright  wp-image-758\" alt=\"J\u00e2nio Natal\" src=\"http:\/\/www.maisbn.com\/portal\/wp-content\/uploads\/2012\/08\/Janio_Natal.jpg\" width=\"360\" height=\"189\" \/><\/a><\/p>\n<p>Para Natal, o piso que vem sendo discutido ainda est\u00e1 aqu\u00e9m do que devem receber os Agentes. O deputado sugeriu o valor de dois sal\u00e1rios m\u00ednimos como piso. O sindicato da classe pleiteia um acordo de R$ 950,00 para j\u00e1 e o complemento do valor de 2 sal\u00e1rios m\u00ednimos, parcelados.<\/p>\n","protected":false},"excerpt":{"rendered":"<p>Na \u00faltima quarta-feira (25\/09), pela manh\u00e3, foi realizado na C\u00e2mara dos Deputados o 2\u00b0 F\u00f3rum Nacional sobre o Piso Salarial e Plano de Carreira dos Agentes Comunit\u00e1rios de Sa\u00fade e Agentes de Sa\u00fade e Endemias. O deputado J\u00e2nio Natal fez quest\u00e3o de comparecer ao evento para manifestar seu apoio aos Agentes. Para Natal, o piso [&hellip;]<\/p>\n","protected":false},"author":1,"featured_media":0,"comment_status":"closed","ping_status":"open","sticky":false,"template":"","format":"standard","meta":{"footnotes":""},"categories":[1,7],"tags":[423,351,148],"class_list":["post-3562","post","type-post","status-publish","format-standard","hentry","category-noticias","category-politica","tag-deputado-janio","tag-deputado-janio-natal","tag-janio-natal"],"_links":{"self":[{"href":"https:\/\/www.maisbn.com\/portal\/wp-json\/wp\/v2\/posts\/3562","targetHints":{"allow":["GET"]}}],"collection":[{"href":"https:\/\/www.maisbn.com\/portal\/wp-json\/wp\/v2\/posts"}],"about":[{"href":"https:\/\/www.maisbn.com\/portal\/wp-json\/wp\/v2\/types\/post"}],"author":[{"embeddable":true,"href":"https:\/\/www.maisbn.com\/portal\/wp-json\/wp\/v2\/users\/1"}],"replies":[{"embeddable":true,"href":"https:\/\/www.maisbn.com\/portal\/wp-json\/wp\/v2\/comments?post=3562"}],"version-history":[{"count":0,"href":"https:\/\/www.maisbn.com\/portal\/wp-json\/wp\/v2\/posts\/3562\/revisions"}],"wp:attachment":[{"href":"https:\/\/www.maisbn.com\/portal\/wp-json\/wp\/v2\/media?parent=3562"}],"wp:term":[{"taxonomy":"category","embeddable":true,"href":"https:\/\/www.maisbn.com\/portal\/wp-json\/wp\/v2\/categories?post=3562"},{"taxonomy":"post_tag","embeddable":true,"href":"https:\/\/www.maisbn.com\/portal\/wp-json\/wp\/v2\/tags?post=3562"}],"curies":[{"name":"wp","href":"https:\/\/api.w.org\/{rel}","templated":true}]}}