{"id":3559,"date":"2013-10-11T22:39:13","date_gmt":"2013-10-12T01:39:13","guid":{"rendered":"http:\/\/www.maisbn.com\/portal\/?p=3559"},"modified":"2013-10-11T22:41:39","modified_gmt":"2013-10-12T01:41:39","slug":"veracel-qualificara-jovens-para-atuar-como-agentes-de-desenvolvimento-de-suas-comunidades","status":"publish","type":"post","link":"https:\/\/www.maisbn.com\/portal\/2013\/10\/veracel-qualificara-jovens-para-atuar-como-agentes-de-desenvolvimento-de-suas-comunidades\/","title":{"rendered":"Veracel qualificar\u00e1 jovens para atuar como agentes de desenvolvimento de suas comunidades"},"content":{"rendered":"<p>Por meio de um curso de forma\u00e7\u00e3o integral, jovens de comunidades da \u00e1rea de atua\u00e7\u00e3o da Veracel, ser\u00e3o qualificados para atuar como agentes de desenvolvimento local.<\/p>\n<p>Uma parceria entre a Veracel Celulose e a ONG Instituto M\u00e3e Terra (IMT) possibilitar\u00e1 a um grupo de 46 jovens, do sul da Bahia, uma nova forma de olhar para si e para as suas comunidades. Na segunda-feira (14\/10), estes jovens selecionados no processo seletivo de Jovens Agentes Multiplicadores e Promotores de Cidadania e Desenvolvimento Comunit\u00e1rio participar\u00e3o das atividades do 1\u00ba M\u00f3dulo do Curso de Forma\u00e7\u00e3o Social, a ser realizado na RPPN Esta\u00e7\u00e3o Veracel, em Porto Seguro. Este curso visa formar e incluir socialmente jovens moradores da regi\u00e3o e espera contribuir para compartilhar conhecimento e oferecer oportunidades para as comunidades da \u00e1rea de atua\u00e7\u00e3o da Veracel.<\/p>\n<p>&nbsp;<\/p>\n<div>Esta iniciativa vem ao encontro do modelo de Sustentabilidade adotado pela Veracel que busca empoderar as comunidades para atuarem como <a href=\"http:\/\/www.maisbn.com\/portal\/wp-content\/uploads\/2013\/10\/qualificacao.jpg\"><img loading=\"lazy\" decoding=\"async\" class=\"alignright size-full wp-image-3560\" alt=\"qualificacao\" src=\"http:\/\/www.maisbn.com\/portal\/wp-content\/uploads\/2013\/10\/qualificacao.jpg\" width=\"330\" height=\"220\" \/><\/a>seus pr\u00f3prios agentes de desenvolvimento, por meio de parcerias e pol\u00edticas p\u00fablicas, bem como potencializar ativos e talentos locais. \u201cA escolha de uma institui\u00e7\u00e3o da regi\u00e3o, com sensibilidade para os nossos desafios regionais, pode fazer a diferen\u00e7a na forma\u00e7\u00e3o destes jovens multiplicadores\u201d, destaca o gerente de Sustentabilidade da Veracel, Renato Carneiro.<\/div>\n<p>&nbsp;<\/p>\n<div>Por meio deste Curso de Forma\u00e7\u00e3o Integral de Agentes Multiplicadores e Promotores de Cidadania e Desenvolvimento Comunit\u00e1rio, estes jovens com idade entre 17 e 24 anos ser\u00e3o capacitados para atuar em sua comunidade, contribuindo com o desenvolvimento s\u00f3cio-econ\u00f4mico-cultural e ambiental do territ\u00f3rio e promovendo a implanta\u00e7\u00e3o e o aperfei\u00e7oamento de pol\u00edticas p\u00fablicas na regi\u00e3o. Este curso ter\u00e1 uma dura\u00e7\u00e3o total de 340 horas (sendo 172 horas previstas para 2013 e 168 horas para 2014), e contar\u00e1 com 12 m\u00f3dulos, onde ser\u00e3o abordados diferentes conte\u00fados: Projeto de Vida e Identidade, Cidadania e Direitos Humanos, Educa\u00e7\u00e3o, Trabalho, Meio Ambiente, Desenvolvimento Comunit\u00e1rio, Drogas, Viol\u00eancia, Sexualidade, Fam\u00edlia, Cultura e Tecnologia da Informa\u00e7\u00e3o.<\/div>\n<p>&nbsp;<\/p>\n<div>\u201cNosso desejo e compromisso \u00e9 que cada jovem se prepare e se empodere para atuar como uma refer\u00eancia em sua comunidade, adquirindo novos conhecimentos e trocando importantes informa\u00e7\u00f5es e experi\u00eancias. Queremos que eles se tornem protagonistas das pr\u00f3prias hist\u00f3rias de desenvolvimento pessoal e social, e sujeitos de a\u00e7\u00e3o e transforma\u00e7\u00e3o de suas comunidades\u201d, pontua o diretor executivo do executivo do Instituto M\u00e3e Terra, Altemar Felberg.<\/div>\n<p>&nbsp;<\/p>\n<p><strong>Sobre a<\/strong><strong>\u00a0Veracel<\/strong><\/p>\n<p>A Veracel Celulose \u00e9 uma empresa de produ\u00e7\u00e3o de celulose branqueada, produzida a partir de fibra curta do eucalipto. Fruto da parceria de duas l\u00edderes internacionais no setor de celulose e papel, a brasileira Fibria e a sueco-finlandesa Stora Enso, ambas com 50% de participa\u00e7\u00e3o o compromisso da empresa vai al\u00e9m da busca pela efici\u00eancia operacional. Por meio de di\u00e1logo ativo, iniciativas socioambientais e parcerias p\u00fablico privadas, \u00e9 poss\u00edvel contribuir para a gera\u00e7\u00e3o de valor para o neg\u00f3cio e para o desenvolvimento sustent\u00e1vel do territ\u00f3rio onde a empresa atua.<\/p>\n<p><strong>\u00a0<\/strong><\/p>\n<p><strong>Sobre o Instituto M\u00e3e Terra<\/strong><\/p>\n<div>O Instituto M\u00e3e Terra (IMT)\u00a0\u00e9\u00a0uma organiza\u00e7\u00e3o da sociedade civil, sem fins lucrativos, sediada em Porto Seguro e fundada em outubro de 2006 por profissionais do Terceiro Setor. Sua miss\u00e3o \u00e9 promover o desenvolvimento social, econ\u00f4mico, cultural e ambiental de comunidades rurais, perif\u00e9ricas e tradicionais da regi\u00e3o, atrav\u00e9s do apoio \u00e0s suas organiza\u00e7\u00f5es, pr\u00e1ticas e estrat\u00e9gias sociais que busquem solu\u00e7\u00f5es sustent\u00e1veis de melhoria das condi\u00e7\u00f5es de vida de seus territ\u00f3rios, na perspectiva do empoderamento comunit\u00e1rio e forma\u00e7\u00e3o para autonomia. Desde sua concep\u00e7\u00e3o, j\u00e1 executou v\u00e1rios projetos nas mais diversas \u00e1reas, em parceria com o poder p\u00fablico, iniciativa privada e organismos internacionais.<\/div>\n","protected":false},"excerpt":{"rendered":"<p>Por meio de um curso de forma\u00e7\u00e3o integral, jovens de comunidades da \u00e1rea de atua\u00e7\u00e3o da Veracel, ser\u00e3o qualificados para atuar como agentes de desenvolvimento local. Uma parceria entre a Veracel Celulose e a ONG Instituto M\u00e3e Terra (IMT) possibilitar\u00e1 a um grupo de 46 jovens, do sul da Bahia, uma nova forma de olhar [&hellip;]<\/p>\n","protected":false},"author":1,"featured_media":0,"comment_status":"closed","ping_status":"open","sticky":false,"template":"","format":"standard","meta":{"footnotes":""},"categories":[9,1],"tags":[422],"class_list":["post-3559","post","type-post","status-publish","format-standard","hentry","category-concursos-oportunidades","category-noticias","tag-comunidade"],"_links":{"self":[{"href":"https:\/\/www.maisbn.com\/portal\/wp-json\/wp\/v2\/posts\/3559","targetHints":{"allow":["GET"]}}],"collection":[{"href":"https:\/\/www.maisbn.com\/portal\/wp-json\/wp\/v2\/posts"}],"about":[{"href":"https:\/\/www.maisbn.com\/portal\/wp-json\/wp\/v2\/types\/post"}],"author":[{"embeddable":true,"href":"https:\/\/www.maisbn.com\/portal\/wp-json\/wp\/v2\/users\/1"}],"replies":[{"embeddable":true,"href":"https:\/\/www.maisbn.com\/portal\/wp-json\/wp\/v2\/comments?post=3559"}],"version-history":[{"count":0,"href":"https:\/\/www.maisbn.com\/portal\/wp-json\/wp\/v2\/posts\/3559\/revisions"}],"wp:attachment":[{"href":"https:\/\/www.maisbn.com\/portal\/wp-json\/wp\/v2\/media?parent=3559"}],"wp:term":[{"taxonomy":"category","embeddable":true,"href":"https:\/\/www.maisbn.com\/portal\/wp-json\/wp\/v2\/categories?post=3559"},{"taxonomy":"post_tag","embeddable":true,"href":"https:\/\/www.maisbn.com\/portal\/wp-json\/wp\/v2\/tags?post=3559"}],"curies":[{"name":"wp","href":"https:\/\/api.w.org\/{rel}","templated":true}]}}