{"id":3555,"date":"2013-10-11T22:30:32","date_gmt":"2013-10-12T01:30:32","guid":{"rendered":"http:\/\/www.maisbn.com\/portal\/?p=3555"},"modified":"2013-10-11T22:31:45","modified_gmt":"2013-10-12T01:31:45","slug":"veracel-abre-vagas-para-as-areas-de-laboratorio-e-secagem-e-enfardamento","status":"publish","type":"post","link":"https:\/\/www.maisbn.com\/portal\/2013\/10\/veracel-abre-vagas-para-as-areas-de-laboratorio-e-secagem-e-enfardamento\/","title":{"rendered":"Veracel abre vagas para as \u00e1reas de Laborat\u00f3rio e Secagem e Enfardamento"},"content":{"rendered":"<p>A\u00a0Veracel Celulose divulga edital de\u00a0sele\u00e7\u00e3o para o preenchimento de duas vagas para Operador Trainee de Laborat\u00f3rio e uma vaga para Operador Trainee de Enfardamento, Secador e Cortadeira, em suas opera\u00e7\u00f5es. A proposta \u00e9 contratar profissionais da regi\u00e3o, para desenvolver as atividades especificas \u00e0s fun\u00e7\u00f5es e de acordo com as suas compet\u00eancias, seguindo\u00a0os procedimentos operacionais de cada \u00e1rea da empresa e respeitando as\u00a0normas e padr\u00f5es de sa\u00fade, seguran\u00e7a e preserva\u00e7\u00e3o do meio ambiente adotados pela Veracel.<\/p>\n<p><a href=\"http:\/\/www.maisbn.com\/portal\/wp-content\/uploads\/2013\/10\/emprego_oportunidade.jpg\"><img loading=\"lazy\" decoding=\"async\" class=\"alignright size-full wp-image-3556\" alt=\"emprego_oportunidade\" src=\"http:\/\/www.maisbn.com\/portal\/wp-content\/uploads\/2013\/10\/emprego_oportunidade.jpg\" width=\"320\" height=\"240\" \/><\/a><\/p>\n<p>Os interessados, que cumprirem os requisitos (abaixo), dever\u00e3o cadastrar o curr\u00edculo at\u00e9 o dia 15\/10\/2013 no site da Veracel, de acordo com os seguintes passos:\u00a0<b>Localize a op\u00e7\u00e3o Trabalhe Conosco =&gt; Clique aqui e cadastre o seu curr\u00edculo =&gt; Conhe\u00e7a as nossas vagas.\u00a0<\/b>Ent\u00e3o, \u00e9 s\u00f3 clicar<b>\u00a0<\/b>no t\u00edtulo para abri-la e ter\u00e1 acesso \u00e0 vaga para candidatar-se.<b>\u00a0<\/b>A candidatura \u00e0s vagas, s\u00f3 \u00e9 poss\u00edvel ap\u00f3s o cadastro de suas informa\u00e7\u00f5es no site.<\/p>\n<p><b>\u00a0<\/b><\/p>\n<p>Para mais informa\u00e7\u00f5es acesse:<b>\u00a0<a href=\"http:\/\/www.veracel.com.br\/\" target=\"_blank\">www.veracel.com.br<\/a>.<\/b><\/p>\n<p>&nbsp;<\/p>\n<p>&nbsp;<\/p>\n<p><b><span style=\"text-decoration: underline;\">Requisitos para Operador Trainee de Laborat\u00f3rio:<\/span><\/b><\/p>\n<p><b><span style=\"text-decoration: underline;\">\u00a0<\/span><\/b><\/p>\n<ul>\n<li>Ensino M\u00e9dio Completo, com Forma\u00e7\u00e3o T\u00e9cnica em Celulose ou T\u00e9cnico em Qu\u00edmica;<\/li>\n<li>Imprescind\u00edvel apresenta\u00e7\u00e3o de Comprovante de Forma\u00e7\u00e3o (Diploma) no Curso T\u00e9cnico em Celulose ou T\u00e9cnico em Qu\u00edmica;<\/li>\n<li>Ter estagiado ou possuir viv\u00eancia em processos do Laborat\u00f3rio ser\u00e1 considerado fator diferencial;<\/li>\n<li>Conhecimentos do pacote Office (Word, Excel, PowerPoint e Outlook);<\/li>\n<li>Demonstrar possuir compet\u00eancias comportamentais como: foco e orienta\u00e7\u00e3o para resultados, rela\u00e7\u00f5es interpessoais e trabalho em equipe;<\/li>\n<li>Documenta\u00e7\u00e3o que comprove a condi\u00e7\u00e3o de pessoa com defici\u00eancia ou reabilitada, se PCD.<\/li>\n<\/ul>\n<p>&nbsp;<\/p>\n<p><b><span style=\"text-decoration: underline;\">Requisitos para Operador Trainee de Enfardamento, Secador e Cortadeira:<\/span><\/b><\/p>\n<p><b><span style=\"text-decoration: underline;\">\u00a0<\/span><\/b><\/p>\n<ul>\n<li>Ensino M\u00e9dio Completo, com Forma\u00e7\u00e3o T\u00e9cnica em Celulose;<\/li>\n<li>Imprescind\u00edvel apresenta\u00e7\u00e3o de Comprovante de Forma\u00e7\u00e3o (Diploma) no Curso T\u00e9cnico em Celulose, pelo SENAI;<\/li>\n<li>Ter estagiado ou possuir viv\u00eancia nos Processos de Enfardamento, Secador e Cortadeira ser\u00e1 considerado fator diferencial;<\/li>\n<li>Conhecimentos do pacote Office (Word, Excel, PowerPoint e Outlook);<\/li>\n<li>Demonstrar possuir compet\u00eancias comportamentais como: foco e orienta\u00e7\u00e3o para resultados, rela\u00e7\u00f5es interpessoais e trabalho em equipe;<\/li>\n<li>Documenta\u00e7\u00e3o que comprove a condi\u00e7\u00e3o de pessoa com defici\u00eancia ou reabilitada, se PCD.<\/li>\n<\/ul>\n<p>&nbsp;<\/p>\n<p>&nbsp;<\/p>\n<p>&nbsp;<\/p>\n<p>&nbsp;<\/p>\n<p>&nbsp;<\/p>\n","protected":false},"excerpt":{"rendered":"<p>A\u00a0Veracel Celulose divulga edital de\u00a0sele\u00e7\u00e3o para o preenchimento de duas vagas para Operador Trainee de Laborat\u00f3rio e uma vaga para Operador Trainee de Enfardamento, Secador e Cortadeira, em suas opera\u00e7\u00f5es. A proposta \u00e9 contratar profissionais da regi\u00e3o, para desenvolver as atividades especificas \u00e0s fun\u00e7\u00f5es e de acordo com as suas compet\u00eancias, seguindo\u00a0os procedimentos operacionais de [&hellip;]<\/p>\n","protected":false},"author":1,"featured_media":0,"comment_status":"closed","ping_status":"open","sticky":false,"template":"","format":"standard","meta":{"footnotes":""},"categories":[9,1],"tags":[163,25,30],"class_list":["post-3555","post","type-post","status-publish","format-standard","hentry","category-concursos-oportunidades","category-noticias","tag-emprego","tag-oportunidades","tag-veracel"],"_links":{"self":[{"href":"https:\/\/www.maisbn.com\/portal\/wp-json\/wp\/v2\/posts\/3555","targetHints":{"allow":["GET"]}}],"collection":[{"href":"https:\/\/www.maisbn.com\/portal\/wp-json\/wp\/v2\/posts"}],"about":[{"href":"https:\/\/www.maisbn.com\/portal\/wp-json\/wp\/v2\/types\/post"}],"author":[{"embeddable":true,"href":"https:\/\/www.maisbn.com\/portal\/wp-json\/wp\/v2\/users\/1"}],"replies":[{"embeddable":true,"href":"https:\/\/www.maisbn.com\/portal\/wp-json\/wp\/v2\/comments?post=3555"}],"version-history":[{"count":0,"href":"https:\/\/www.maisbn.com\/portal\/wp-json\/wp\/v2\/posts\/3555\/revisions"}],"wp:attachment":[{"href":"https:\/\/www.maisbn.com\/portal\/wp-json\/wp\/v2\/media?parent=3555"}],"wp:term":[{"taxonomy":"category","embeddable":true,"href":"https:\/\/www.maisbn.com\/portal\/wp-json\/wp\/v2\/categories?post=3555"},{"taxonomy":"post_tag","embeddable":true,"href":"https:\/\/www.maisbn.com\/portal\/wp-json\/wp\/v2\/tags?post=3555"}],"curies":[{"name":"wp","href":"https:\/\/api.w.org\/{rel}","templated":true}]}}