{"id":3547,"date":"2013-10-06T20:35:21","date_gmt":"2013-10-06T23:35:21","guid":{"rendered":"http:\/\/www.maisbn.com\/portal\/?p=3547"},"modified":"2013-10-06T20:35:21","modified_gmt":"2013-10-06T23:35:21","slug":"dia-nacional-dos-agentes-de-saude-e-comemorado-em-belmonte-e-santa-cruz-cabralia","status":"publish","type":"post","link":"https:\/\/www.maisbn.com\/portal\/2013\/10\/dia-nacional-dos-agentes-de-saude-e-comemorado-em-belmonte-e-santa-cruz-cabralia\/","title":{"rendered":"Dia Nacional dos Agentes de Sa\u00fade \u00e9 comemorado em Belmonte e Santa Cruz Cabr\u00e1lia."},"content":{"rendered":"<p>Na \u00faltima sexta feira 04\/10 foi comemorado em todo o Brasil o dia Nacional dos Agentes Comunit\u00e1rios de Sa\u00fade. Em v\u00e1rias cidades a categoria se reuniu para confraternizar e comemorar este dia especialmente dedicado a essa classe que desenvolve um trabalho de extrema import\u00e2ncia para a sa\u00fade b\u00e1sica de todos os Estados e Munic\u00edpios do Pa\u00eds.<\/p>\n<p><a href=\"http:\/\/www.maisbn.com\/portal\/wp-content\/uploads\/2013\/10\/Agente_saude_001.jpg\"><img loading=\"lazy\" decoding=\"async\" class=\"size-full wp-image-3548 aligncenter\" alt=\"Agente_saude_001\" src=\"http:\/\/www.maisbn.com\/portal\/wp-content\/uploads\/2013\/10\/Agente_saude_001.jpg\" width=\"640\" height=\"480\" srcset=\"https:\/\/www.maisbn.com\/portal\/wp-content\/uploads\/2013\/10\/Agente_saude_001.jpg 640w, https:\/\/www.maisbn.com\/portal\/wp-content\/uploads\/2013\/10\/Agente_saude_001-466x350.jpg 466w\" sizes=\"auto, (max-width: 640px) 100vw, 640px\" \/><\/a><\/p>\n<p>Em Santa Cruz Cabr\u00e1lia a categoria desfilou pela cidade ao som da Fanfarra local exibindo cartazes e faixas.<\/p>\n<p>&nbsp;<\/p>\n<p><a href=\"http:\/\/www.maisbn.com\/portal\/wp-content\/uploads\/2013\/10\/diadoagentedesaude_00040.jpg\"><img loading=\"lazy\" decoding=\"async\" class=\"alignright  wp-image-3549\" alt=\"diadoagentedesaude_00040\" src=\"http:\/\/www.maisbn.com\/portal\/wp-content\/uploads\/2013\/10\/diadoagentedesaude_00040.jpg\" width=\"520\" height=\"330\" srcset=\"https:\/\/www.maisbn.com\/portal\/wp-content\/uploads\/2013\/10\/diadoagentedesaude_00040.jpg 650w, https:\/\/www.maisbn.com\/portal\/wp-content\/uploads\/2013\/10\/diadoagentedesaude_00040-552x350.jpg 552w\" sizes=\"auto, (max-width: 520px) 100vw, 520px\" \/><\/a>Em Belmonte uma grande festa reuniu os Agentes de todo o munic\u00edpio. Os profissionais que atuam nos Distritos e Povoados como Santa Maria Eterna, Boca do C\u00f3rrego e Barrol\u00e2ndia tamb\u00e9m participaram do evento que aconteceu na Cabana do Ben\u00e9, na Praia do Mar Moreno em Belmonte e contou com o show do Grupo Coquetel, al\u00e9m de muita cerveja e churrasco.<\/p>\n<p>&nbsp;<\/p>\n<p>A festa que come\u00e7ou por volta de meio dia se estendeu por toda \u00e0 tarde, s\u00f3 terminando no inicio da noite. Al\u00e9m dos Agentes, v\u00e1rias pessoas entre outros profissionais da sa\u00fade tamb\u00e9m participaram da festa.<\/p>\n<p>&nbsp;<\/p>\n<p>&nbsp;<\/p>\n<p>&nbsp;<\/p>\n<p>&nbsp;<\/p>\n<p>&nbsp;<\/p>\n<p>&nbsp;<br \/>\n<a href=\"http:\/\/www.maisbn.com\/galerias\/259\" target=\"_blank\"><img loading=\"lazy\" decoding=\"async\" style=\"border: 0px none;\" alt=\"\" src=\"http:\/\/www.belmontenews.com\/imagensFCK\/image\/galeria_fotos.gif\" width=\"200\" height=\"169\" border=\"0\" \/><\/a><\/p>\n<p>&nbsp;<\/p>\n<p>&nbsp;<\/p>\n","protected":false},"excerpt":{"rendered":"<p>Na \u00faltima sexta feira 04\/10 foi comemorado em todo o Brasil o dia Nacional dos Agentes Comunit\u00e1rios de Sa\u00fade. Em v\u00e1rias cidades a categoria se reuniu para confraternizar e comemorar este dia especialmente dedicado a essa classe que desenvolve um trabalho de extrema import\u00e2ncia para a sa\u00fade b\u00e1sica de todos os Estados e Munic\u00edpios do [&hellip;]<\/p>\n","protected":false},"author":1,"featured_media":0,"comment_status":"closed","ping_status":"open","sticky":false,"template":"","format":"standard","meta":{"footnotes":""},"categories":[1,28],"tags":[420,44,91],"class_list":["post-3547","post","type-post","status-publish","format-standard","hentry","category-noticias","category-saude-noticias","tag-agente-de-saude","tag-belmonte-ba","tag-santa-cruz-cabralia"],"_links":{"self":[{"href":"https:\/\/www.maisbn.com\/portal\/wp-json\/wp\/v2\/posts\/3547","targetHints":{"allow":["GET"]}}],"collection":[{"href":"https:\/\/www.maisbn.com\/portal\/wp-json\/wp\/v2\/posts"}],"about":[{"href":"https:\/\/www.maisbn.com\/portal\/wp-json\/wp\/v2\/types\/post"}],"author":[{"embeddable":true,"href":"https:\/\/www.maisbn.com\/portal\/wp-json\/wp\/v2\/users\/1"}],"replies":[{"embeddable":true,"href":"https:\/\/www.maisbn.com\/portal\/wp-json\/wp\/v2\/comments?post=3547"}],"version-history":[{"count":0,"href":"https:\/\/www.maisbn.com\/portal\/wp-json\/wp\/v2\/posts\/3547\/revisions"}],"wp:attachment":[{"href":"https:\/\/www.maisbn.com\/portal\/wp-json\/wp\/v2\/media?parent=3547"}],"wp:term":[{"taxonomy":"category","embeddable":true,"href":"https:\/\/www.maisbn.com\/portal\/wp-json\/wp\/v2\/categories?post=3547"},{"taxonomy":"post_tag","embeddable":true,"href":"https:\/\/www.maisbn.com\/portal\/wp-json\/wp\/v2\/tags?post=3547"}],"curies":[{"name":"wp","href":"https:\/\/api.w.org\/{rel}","templated":true}]}}